{"id":34375,"date":"2020-04-03T14:11:00","date_gmt":"2020-04-03T14:11:00","guid":{"rendered":"https:\/\/marqalicante-admin.qwair.com\/2020\/04\/03\/el-marq-inicia-el-lunes-un-programa-de-actividades-de-semana-santa-para-realizar-desde-casa\/"},"modified":"2020-04-03T14:11:00","modified_gmt":"2020-04-03T14:11:00","slug":"el-marq-inicia-el-lunes-un-programa-de-actividades-de-semana-santa-para-realizar-desde-casa","status":"publish","type":"post","link":"https:\/\/marqalicante-admin.qwair.com\/va\/el-marq-inicia-el-lunes-un-programa-de-actividades-de-semana-santa-para-realizar-desde-casa\/","title":{"rendered":"El MARQ inicia dilluns un programa d&#039;activitats de Setmana Santa per fer des de casa"},"content":{"rendered":"<p style=\"text-align:center\"><img decoding=\"async\" alt=\"\" src=\"\/contenido\/genericas\/marq%203.jpg\" style=\"height:403px; width:450px\" \/><\/p>\n<p style=\"text-align:justify\">&nbsp;<\/p>\n<p><span style=\"font-size:11.0pt\"><span style=\"font-family:&quot;Verdana&quot;,sans-serif\">El <strong>Museu Arqueol\u00f2gic Provincial <\/strong>(MARQ) de la <strong>Diputaci\u00f3 d&#039;Alacant <\/strong>inicia el proper dilluns, 6 d&#039;abril, el <strong>Programa d&#039;activitats de Setmana Santa<\/strong>. La vicepresidenta i diputada de Cultura, <strong>Julia Parra<\/strong>, ha explicat que \u201camb aquesta activitat s&#039;ha volgut recuperar una proposta que es porta realitzant ja catorze anys en qu\u00e8 participen centenars de fam\u00edlies, encara que en aquesta ocasi\u00f3 es dur\u00e0 a terme a trav\u00e9s de canals en l\u00ednia amb la intenci\u00f3 de poder arribar a totes les llars\u201d.<\/span><\/span><\/p>\n<p style=\"text-align:justify\"><span style=\"font-size:11.0pt\"><span style=\"font-family:&quot;Verdana&quot;,sans-serif\">Parra ha explicat que l&#039;objectiu de la iniciativa \u201c\u00e9s proporcionar continguts per gaudir aquests dies de descans en un entorn cultural, participatiu i entretingut que faci m\u00e9s amena aquesta Pasqua tan especial que viuran les fam\u00edlies a casa seva\u201d. <\/span><\/span><\/p>\n<p style=\"text-align:justify\"><span style=\"font-size:11.0pt\"><span style=\"font-family:&quot;Verdana&quot;,sans-serif\">Des de la Fundaci\u00f3 MARQ s&#039;han preparat nombroses <strong>activitats per a l&#039;aprenentatge i la diversi\u00f3<\/strong>. El calendari d&#039;esdeveniments es pot consultar a trav\u00e9s del <strong>bloc &#039;Setmana Santa online amb el Marq&#039;<\/strong> al que es pot accedir des de la web <a href=\"http:\/\/marqalicante-classic-admin.qwair.com\/\" target=\"_blank\" rel=\"noopener\">marqalicante-classic-admin.qwair.com<\/a>.<\/span><\/span><\/p>\n<p style=\"text-align:justify\"><span style=\"font-size:11.0pt\"><span style=\"font-family:&quot;Verdana&quot;,sans-serif\">En aquest espai <strong>es compartiran els<\/strong> <strong>relats guanyadors del projecte educatiu &#039;Els contes del MARQ&#039;<\/strong>, una oportunitat per con\u00e8ixer els treballs dels joves autors que recorren la Prehist\u00f2ria, el m\u00f3n dels ibers, la cultura romana o l&#039;Edat Mitjana. Tamb\u00e9 es compartiran materials descarregables, entre ells <strong>puzles, dibuixos i passatemps<\/strong>, amb <strong>continguts did\u00e0ctics<\/strong> del museu, els jaciments arqueol\u00f2gics, els monuments i les exposicions temporals. <\/span><\/span><\/p>\n<p style=\"text-align:justify\"><span style=\"font-size:11.0pt\"><span style=\"font-family:&quot;Verdana&quot;,sans-serif\">L&#039;equip que participa a l&#039;elaboraci\u00f3 de continguts continuar\u00e0 impartint <strong>tallers <\/strong>did\u00e0ctics amb propostes com la fabricaci\u00f3 d&#039;un teler iber, un escut, una ofrena o un got de cer\u00e0mica decorada. En els propers dies s&#039;estrenar\u00e0, a m\u00e9s, <strong>v\u00eddeos explicatius<\/strong> de l&#039;exposici\u00f3 &#039;\u00cddols, mirades mil\u00b7len\u00e0ries&#039; i <strong>visites virtuals a jaciments<\/strong> en qu\u00e8 es desvetllaran curiositats. <\/span><\/span><\/p>\n<p style=\"text-align:justify\"><span style=\"font-size:11.0pt\"><span style=\"font-family:&quot;Verdana&quot;,sans-serif\"><a href=\"https:\/\/www.megaroelx.com\/\" target=\"_blank\" rel=\"noopener\">www.megaroelx.com<\/a> <\/span><\/span><\/p>","protected":false},"excerpt":{"rendered":"<p>&nbsp; El Museo Arqueol&oacute;gico Provincial (MARQ) de la Diputaci&oacute;n de Alicante inicia el pr&oacute;ximo lunes,<span class=\"excerpt-hellip\"> [\u2026]<\/span><\/p>\n","protected":false},"author":3,"featured_media":0,"comment_status":"open","ping_status":"open","sticky":false,"template":"","format":"standard","meta":{"kia_subtitle":"","footnotes":""},"categories":[],"tags":[],"class_list":["post-34375","post","type-post","status-publish","format-standard","hentry"],"meta_box":[],"_links":{"self":[{"href":"https:\/\/marqalicante-admin.qwair.com\/va\/wp-json\/wp\/v2\/posts\/34375","targetHints":{"allow":["GET"]}}],"collection":[{"href":"https:\/\/marqalicante-admin.qwair.com\/va\/wp-json\/wp\/v2\/posts"}],"about":[{"href":"https:\/\/marqalicante-admin.qwair.com\/va\/wp-json\/wp\/v2\/types\/post"}],"author":[{"embeddable":true,"href":"https:\/\/marqalicante-admin.qwair.com\/va\/wp-json\/wp\/v2\/users\/3"}],"replies":[{"embeddable":true,"href":"https:\/\/marqalicante-admin.qwair.com\/va\/wp-json\/wp\/v2\/comments?post=34375"}],"version-history":[{"count":0,"href":"https:\/\/marqalicante-admin.qwair.com\/va\/wp-json\/wp\/v2\/posts\/34375\/revisions"}],"wp:attachment":[{"href":"https:\/\/marqalicante-admin.qwair.com\/va\/wp-json\/wp\/v2\/media?parent=34375"}],"wp:term":[{"taxonomy":"category","embeddable":true,"href":"https:\/\/marqalicante-admin.qwair.com\/va\/wp-json\/wp\/v2\/categories?post=34375"},{"taxonomy":"post_tag","embeddable":true,"href":"https:\/\/marqalicante-admin.qwair.com\/va\/wp-json\/wp\/v2\/tags?post=34375"}],"curies":[{"name":"wp","href":"https:\/\/api.w.org\/{rel}","templated":true}]}}