{"id":34368,"date":"2020-03-12T18:30:00","date_gmt":"2020-03-12T18:30:00","guid":{"rendered":"https:\/\/marqalicante-admin.qwair.com\/2020\/03\/12\/la-diputacion-de-alicante-cierra-al-publico-el-marq-el-mubag-y-el-instituto-gil-albert-a-causa-del-coronavirus\/"},"modified":"2020-03-12T18:30:00","modified_gmt":"2020-03-12T18:30:00","slug":"la-diputacion-de-alicante-cierra-al-publico-el-marq-el-mubag-y-el-instituto-gil-albert-a-causa-del-coronavirus","status":"publish","type":"post","link":"https:\/\/marqalicante-admin.qwair.com\/va\/la-diputacion-de-alicante-cierra-al-publico-el-marq-el-mubag-y-el-instituto-gil-albert-a-causa-del-coronavirus\/","title":{"rendered":"La Diputaci\u00f3 d&#039;Alacant tanca al p\u00fablic el MARQ, el MUBAG i l&#039;Institut Gil-Albert a causa del coronavirus"},"content":{"rendered":"<p>La Diputaci\u00f3 d&#039;Alacant <strong>tancar\u00e0 a partir de dem\u00e0 divendres <\/strong>els seus centres culturals del <strong>MARQ<\/strong>, el <strong>MUBAG<\/strong> i el <strong>Institut Alacant\u00ed de Cultura Juan Gil-Albert <\/strong>com a mesura de prevenci\u00f3<strong> per contenir la propagaci\u00f3 del coronavirus<\/strong>. Es tracta d&#039;una <strong>cloenda temporal<\/strong>, <strong>fins a nou av\u00eds<\/strong>, en funci\u00f3 de l&#039;evoluci\u00f3 de la malaltia i de les recomanacions que les institucions oficials decretin. La decisi\u00f3, adoptada per <strong>garantir la seguretat tant de visitants com de treballadors<\/strong>, suposa el cessament de l&#039;activitat dels centres de cara al p\u00fablic, encara que el personal laboral continuar\u00e0 desenvolupant la seva feina. Les sales d&#039;exposicions del Palau Provincial tamb\u00e9 romandran tancades al p\u00fablic temporalment.<\/p>\n<p>Aix\u00ed mateix, la Diputaci\u00f3 ha adoptat una s\u00e8rie de mesures per prevenir el <strong>risc de propagaci\u00f3 del COVID-19<\/strong> a la resta de centres dependents de la instituci\u00f3 per tal de <strong>limitar la transmissi\u00f3 d&#039;aquest virus<\/strong>.<\/p>\n<p>El protocol d&#039;actuaci\u00f3 m\u00e9s estricte es porta a terme al <strong>Llar Provincial <\/strong>i al <strong>Centre Doctor Esquerdo<\/strong> per la <strong>vulnerabilitat dels usuaris<\/strong>. A la Llar Provincial s&#039;han posat en marxa iniciatives que <strong>incrementen la higiene<\/strong>, aix\u00ed com la <strong>restricci\u00f3 de visites familiars<\/strong> i de personal ali\u00e8 a la casa, mentre s&#039;ha decidit <strong>anul\u00b7lar<\/strong>, fins a nou av\u00eds, <strong>les sortides grupals<\/strong> que es feien un cop per setmana. A m\u00e9s, <strong>es cancel\u00b7len totes les activitats previstes al Sal\u00f3 d&#039;Actes<\/strong> de l&#039;edifici, <strong>aix\u00ed com els cursos de formaci\u00f3<\/strong> i <strong>les activitats esportives<\/strong> a les instal\u00b7lacions (camps de futbol, pista d&#039;atletisme, piscina i gimn\u00e0s).<\/p>\n<p>Al Centre Doctor Esquerdo ia l&#039;Institut de la Fam\u00edlia s&#039;est\u00e0 accentuant la <strong>neteja i desinfecci\u00f3 de zones comunes<\/strong>, s&#039;est\u00e0 mantenint la <strong>dist\u00e0ncia de seguretat amb pacients i familiars<\/strong> i <strong>s&#039;estan limitant les visites<\/strong>. Tamb\u00e9 <strong>s&#039;han susp\u00e8s<\/strong> els <strong>permisos domiciliaris i de sortida<\/strong> dels usuaris sense estar acompanyats per personal intern.&nbsp;<\/p>\n<p>Pel que fa al <strong>Palau Provincial<\/strong>, a m\u00e9s de tancar-se les sales d&#039;exposicions tamb\u00e9 <strong>s&#039;han interromput<\/strong> de manera immediata i durant tot el mes de mar\u00e7 la <strong>celebraci\u00f3 dels plens infantils<\/strong>. Per la seva banda, al <strong>ADDA<\/strong> <strong>s&#039;han susp\u00e8s els concerts previstos aquest cap de setmana<\/strong>.<\/p>\n<p><strong>Comunicaci\u00f3 interna<\/strong><\/p>\n<p>D&#039;altra banda, els empleats de la Diputaci\u00f3 n&#039;han rebut avui una <strong>comunicaci\u00f3 interna<\/strong> remesa per la diputada de Recursos Humans, <strong>Maria G\u00f3mez<\/strong>, en qu\u00e8 es recullen pautes per fer front a aquesta situaci\u00f3 d&#039;emerg\u00e8ncia. Entre elles es recomana <strong>reduir les reunions de treball<\/strong> a qualsevol dels edificis d&#039;aquesta administraci\u00f3 a <strong>aquelles estrictament necess\u00e0ries<\/strong>, evitant, a m\u00e9s, les sessions grupals, especialment amb persones externes a la instituci\u00f3. Se suggereix, en aquest cas, rec\u00f3rrer a les <strong>videoconfer\u00e8ncies<\/strong>, aix\u00ed com<strong> a les trucades telef\u00f2niques <\/strong>i<strong> telem\u00e0tiques<\/strong>.&nbsp;<\/p>\n<p>Aix\u00ed mateix, al document s&#039;acorda <strong>suspendre la realitzaci\u00f3 de cursos i activitats formatives<\/strong> de car\u00e0cter presencial, a m\u00e9s de proves selectives de gran concurr\u00e8ncia, garantint-se en tot cas la continu\u00eftat dels processos. S&#039;aconsella, per altra banda, <strong>posposar els viatges de treball <\/strong>i en sup\u00f2sits justificats es permetran <strong>modalitats de teletreball<\/strong>.&nbsp;<\/p>\n<p>Aquest protocol preventiu, que impedir\u00e0 i frenar\u00e0 les infeccions virals, t\u00e9 <strong>car\u00e0cter temporal<\/strong> i <strong>s&#039;adaptar\u00e0 i es modificar\u00e0 en funci\u00f3 de l&#039;evoluci\u00f3 de la malaltia<\/strong> i de les noves recomanacions que anunci\u00efn tant el <strong>Ministeri de Sanitat<\/strong> com la <strong>Conselleria<\/strong>. Aquestes disposicions addicionals comporten l&#039;adopci\u00f3 d&#039;altres que garanteixin la prestaci\u00f3 dels serveis p\u00fablics sense desprotegir la salut dels nostres empleats.<\/p>","protected":false},"excerpt":{"rendered":"<p>La Diputaci&oacute;n de Alicante cerrar&aacute; a partir de ma&ntilde;ana viernes sus centros culturales del MARQ,<span class=\"excerpt-hellip\"> [\u2026]<\/span><\/p>\n","protected":false},"author":3,"featured_media":0,"comment_status":"open","ping_status":"open","sticky":false,"template":"","format":"standard","meta":{"kia_subtitle":"","footnotes":""},"categories":[],"tags":[],"class_list":["post-34368","post","type-post","status-publish","format-standard","hentry"],"meta_box":[],"_links":{"self":[{"href":"https:\/\/marqalicante-admin.qwair.com\/va\/wp-json\/wp\/v2\/posts\/34368","targetHints":{"allow":["GET"]}}],"collection":[{"href":"https:\/\/marqalicante-admin.qwair.com\/va\/wp-json\/wp\/v2\/posts"}],"about":[{"href":"https:\/\/marqalicante-admin.qwair.com\/va\/wp-json\/wp\/v2\/types\/post"}],"author":[{"embeddable":true,"href":"https:\/\/marqalicante-admin.qwair.com\/va\/wp-json\/wp\/v2\/users\/3"}],"replies":[{"embeddable":true,"href":"https:\/\/marqalicante-admin.qwair.com\/va\/wp-json\/wp\/v2\/comments?post=34368"}],"version-history":[{"count":0,"href":"https:\/\/marqalicante-admin.qwair.com\/va\/wp-json\/wp\/v2\/posts\/34368\/revisions"}],"wp:attachment":[{"href":"https:\/\/marqalicante-admin.qwair.com\/va\/wp-json\/wp\/v2\/media?parent=34368"}],"wp:term":[{"taxonomy":"category","embeddable":true,"href":"https:\/\/marqalicante-admin.qwair.com\/va\/wp-json\/wp\/v2\/categories?post=34368"},{"taxonomy":"post_tag","embeddable":true,"href":"https:\/\/marqalicante-admin.qwair.com\/va\/wp-json\/wp\/v2\/tags?post=34368"}],"curies":[{"name":"wp","href":"https:\/\/api.w.org\/{rel}","templated":true}]}}