{"id":34359,"date":"2020-02-24T12:50:00","date_gmt":"2020-02-24T12:50:00","guid":{"rendered":"https:\/\/marqalicante-admin.qwair.com\/2020\/02\/24\/rectores-y-docentes-de-egipto-y-marruecos-se-interesan-por-los-recursos-inclusivos-del-marq\/"},"modified":"2020-02-24T12:50:00","modified_gmt":"2020-02-24T12:50:00","slug":"rectores-y-docentes-de-egipto-y-marruecos-se-interesan-por-los-recursos-inclusivos-del-marq","status":"publish","type":"post","link":"https:\/\/marqalicante-admin.qwair.com\/va\/rectores-y-docentes-de-egipto-y-marruecos-se-interesan-por-los-recursos-inclusivos-del-marq\/","title":{"rendered":"Rectors i docents d&#039;Egipte i del Marroc s&#039;interessen pels recursos inclusius del MARQ"},"content":{"rendered":"<p>&nbsp;<img decoding=\"async\" alt=\"\" src=\"\/contenido\/genericas\/1(38).jpg\" style=\"height:336px; width:448px\" \/><\/p>\n<p>&nbsp;<\/p>\n<p style=\"margin-left:0cm; margin-right:0cm; text-align:justify\"><span style=\"font-size:11pt\"><span style=\"font-family:Calibri,sans-serif\"><span style=\"font-size:12.0pt\"><span style=\"font-family:&quot;Trebuchet MS&quot;,&quot;sans-serif&quot;\">El passat 18 de febrer, 25 participants del projecte finan\u00e7at per la Uni\u00f3 Europea d&#039;Universitats d&#039;Egipte i el Marroc PACES \u201cProgressi\u00f3 d&#039;Accessibility Centres a Higher Education for Students with Disabilities in North Africa\u201d van visitar el museu. Rectors i professors de l&#039;\u00e0mbit universitari d&#039;Egipte i del Marroc van constatar els recursos que el museu disposa per a les persones amb discapacitat. Entre les activitats que han desenvolupat destaca una confer\u00e8ncia al Sal\u00f3 d&#039;Actes del museu impartida per Gema sala, Coordinadora de la Unitat de Did\u00e0ctica i Accessibilitat de la Fundaci\u00f3 CV MARQ sobre el Disseny Universal i els recursos i els projectes que el museu realitza en aquest \u00e0mbit. Despr\u00e9s de la xerrada han visitat l&#039;exposici\u00f3 temporal <em>\u00cddols. Mirades Mil\u00b7len\u00e0ries<\/em> aturant-se principalment en tots els recursos inclusius de qu\u00e8 disposa la mostra.<\/span><\/span><\/span><\/span><\/p>\n<p style=\"margin-left:0cm; margin-right:0cm; text-align:justify\">&nbsp;<\/p>","protected":false},"excerpt":{"rendered":"<p>&nbsp; &nbsp; El pasado 18 de febrero, 25 participantes del proyecto financiado por la Uni&oacute;n<span class=\"excerpt-hellip\"> [\u2026]<\/span><\/p>\n","protected":false},"author":3,"featured_media":0,"comment_status":"open","ping_status":"open","sticky":false,"template":"","format":"standard","meta":{"kia_subtitle":"","footnotes":""},"categories":[],"tags":[],"class_list":["post-34359","post","type-post","status-publish","format-standard","hentry"],"meta_box":[],"_links":{"self":[{"href":"https:\/\/marqalicante-admin.qwair.com\/va\/wp-json\/wp\/v2\/posts\/34359","targetHints":{"allow":["GET"]}}],"collection":[{"href":"https:\/\/marqalicante-admin.qwair.com\/va\/wp-json\/wp\/v2\/posts"}],"about":[{"href":"https:\/\/marqalicante-admin.qwair.com\/va\/wp-json\/wp\/v2\/types\/post"}],"author":[{"embeddable":true,"href":"https:\/\/marqalicante-admin.qwair.com\/va\/wp-json\/wp\/v2\/users\/3"}],"replies":[{"embeddable":true,"href":"https:\/\/marqalicante-admin.qwair.com\/va\/wp-json\/wp\/v2\/comments?post=34359"}],"version-history":[{"count":0,"href":"https:\/\/marqalicante-admin.qwair.com\/va\/wp-json\/wp\/v2\/posts\/34359\/revisions"}],"wp:attachment":[{"href":"https:\/\/marqalicante-admin.qwair.com\/va\/wp-json\/wp\/v2\/media?parent=34359"}],"wp:term":[{"taxonomy":"category","embeddable":true,"href":"https:\/\/marqalicante-admin.qwair.com\/va\/wp-json\/wp\/v2\/categories?post=34359"},{"taxonomy":"post_tag","embeddable":true,"href":"https:\/\/marqalicante-admin.qwair.com\/va\/wp-json\/wp\/v2\/tags?post=34359"}],"curies":[{"name":"wp","href":"https:\/\/api.w.org\/{rel}","templated":true}]}}