{"id":34352,"date":"2020-01-29T21:14:00","date_gmt":"2020-01-29T21:14:00","guid":{"rendered":"https:\/\/marqalicante-admin.qwair.com\/2020\/01\/29\/el-marq-inaugura-idolos-la-primera-exposicion-del-ano-organizada-con-el-respaldo-de-una-veintena-de-museos-de-espana-y-portugal\/"},"modified":"2020-01-29T21:14:00","modified_gmt":"2020-01-29T21:14:00","slug":"el-marq-inaugura-idolos-la-primera-exposicion-del-ano-organizada-con-el-respaldo-de-una-veintena-de-museos-de-espana-y-portugal","status":"publish","type":"post","link":"https:\/\/marqalicante-admin.qwair.com\/va\/el-marq-inaugura-idolos-la-primera-exposicion-del-ano-organizada-con-el-respaldo-de-una-veintena-de-museos-de-espana-y-portugal\/","title":{"rendered":"El MARQ inaugura &#039;\u00cddols&#039;, la primera exposici\u00f3 de l&#039;any, organitzada amb el suport d&#039;una vintena de museus d&#039;Espanya i Portugal"},"content":{"rendered":"<p style=\"margin-left:0cm; margin-right:0cm; text-align:center\"><img decoding=\"async\" alt=\"\" src=\"\/contenido\/genericas\/idolos%202.jpg\" style=\"height:300px; width:450px\" \/><\/p>\n<p style=\"margin-left:0cm; margin-right:0cm; text-align:justify\">&nbsp;<\/p>\n<p style=\"margin-left:0cm; margin-right:0cm; text-align:justify\"><span style=\"font-size:12pt\"><span style=\"font-family:LTAroma\"><span style=\"color:black\"><span style=\"font-size:11.0pt\"><span style=\"font-family:&quot;Verdana&quot;,&quot;sans-serif&quot;\">El <strong>MARQ<\/strong> ha acollit aquest mat\u00ed la presentaci\u00f3 de <strong>&#039;\u00cddols.<\/strong>, una nova proposta del museu alacant\u00ed, realitzada conjuntament amb el <strong>Museu Arqueol\u00f2gic Regional de Madrid<\/strong> (MAR), que per primera vegada incorpora una <strong>&#039;Guia de lectura f\u00e0cil&#039;<\/strong> per a persones amb dificultat de visi\u00f3, de m\u00e9s edat o amb capacitats ps\u00edquiques diferents.<\/span><\/span><\/span><\/span><\/span><\/p>\n<p style=\"margin-left:0cm; margin-right:0cm; text-align:justify\"><span style=\"font-size:12pt\"><span style=\"font-family:LTAroma\"><span style=\"color:black\"><span style=\"font-size:11.0pt\"><span style=\"font-family:&quot;Verdana&quot;,&quot;sans-serif&quot;\">Aquesta nova eina, en qu\u00e8 han col\u00b7laborat <strong>CRE-ONZE Alacant i FESORD-Alacant<\/strong>, s&#039;ha elaborat en un <strong>llenguatge senzill i un disseny especial<\/strong> amb car\u00e0cters de m\u00e9s tipografia. Aix\u00ed ho ha explicat la vicepresidenta primera i diputada de Cultura, <strong>Julia Parra<\/strong>, qui ha inaugurat exposici\u00f3 al costat de la consellera de Cultura de la Comunitat de Madrid, <strong>Marta Rivera<\/strong>. <\/span><\/span><\/span><\/span><\/span><\/p>\n<p style=\"margin-left:0cm; margin-right:0cm; text-align:justify\"><span style=\"font-size:12pt\"><span style=\"font-family:LTAroma\"><span style=\"color:black\"><span style=\"font-size:11.0pt\"><span style=\"font-family:&quot;Verdana&quot;,&quot;sans-serif&quot;\">La vicepresidenta ha assegurat que &quot;el cam\u00ed que avui emprenem amb \u00cddols marcar\u00e0 un abans i un despr\u00e9s en les relacions entre la Diputaci\u00f3 d&#039;Alacant i la Comunitat de Madrid&quot;. Parra ha manifestat, a m\u00e9s, el seu agra\u00efment als professionals del MARQ i el MAR per l&#039;esfor\u00e7 realitzat, \u201cuna tasca que ha fet possible un projecte de gran valor cultural on participen prop de vint museus d&#039;Espanya i Portugal, un model col\u00b7laboratiu que \u00e9s un exemple a seguir\u201d.<\/span><\/span><\/span><\/span><\/span><\/p>\n<p style=\"margin-left:0cm; margin-right:0cm; text-align:justify\"><span style=\"font-size:12pt\"><span style=\"font-family:LTAroma\"><span style=\"color:black\"><span style=\"font-size:11.0pt\"><span style=\"font-family:&quot;Verdana&quot;,&quot;sans-serif&quot;\">Per la seva banda, Rivera ha agra\u00eft tamb\u00e9 la col\u00b7laboraci\u00f3 entre tots dos museus i ha defensat el <strong>paper vertebrador de la cultura<\/strong> com a pont d\u00b4uni\u00f3 entre institucions. &quot;Espero que aix\u00f2 sigui l\u00b4inici d\u00b4una gran amistat i que puguem fer moltes coses junts&quot;, ha manifestat la consellera madrilenya.<\/span><\/span><\/span><\/span><\/span><\/p>\n<p style=\"margin-left:0cm; margin-right:0cm; text-align:justify\"><span style=\"font-size:12pt\"><span style=\"font-family:LTAroma\"><span style=\"color:black\"><span style=\"font-size:11.0pt\"><span style=\"font-family:&quot;Verdana&quot;,&quot;sans-serif&quot;\">La mostra, on s&#039;han reunit <strong>226 peces<\/strong> i que comparteix seu amb el MAR, aborda a dues sales i al passad\u00eds central de l&#039;edifici una impressionant <strong>col\u00b7lecci\u00f3 de figures antropomorfes<\/strong>, conegudes des de la primera meitat del segle XX com a \u201c\u00cddols\u201d, que s&#039;interpreten com una <strong>refer\u00e8ncia de la gran Deessa Mare Oriental<\/strong> i conformen un conjunt moble de representacions genu\u00efnes i esquem\u00e0tiques del cos i el rostre hum\u00e0. El MARQ i el MAR han unit els seus esfor\u00e7os en una exposici\u00f3 que, a la llum de les investigacions m\u00e9s recents, ens apropa a les societats que les van generar, valent-les per mantenir l&#039;ordre social, invocant el llinatge i els ancestres.<\/span><\/span><\/span><\/span><\/span><\/p>\n<p style=\"margin-left:0cm; margin-right:0cm; text-align:justify\"><span style=\"font-size:12pt\"><span style=\"font-family:LTAroma\"><span style=\"color:black\"><span style=\"font-size:11.0pt\"><span style=\"font-family:&quot;Verdana&quot;,&quot;sans-serif&quot;\">Les peces, de diversa naturalesa i forma, es concentren a la <strong>meitat meridional de la Pen\u00ednsula Ib\u00e8rica<\/strong>, constituint el millor testimoni de creences que, entre el 3300 i el 2500 aC, compartien col\u00b7lectius del <strong>Neol\u00edtic Final i del Calcol\u00edtic<\/strong>. La <strong>primera sala<\/strong> ofereix el significat d&#039;aquestes expressions mil\u00b7len\u00e0ries per blocs anomenats \u201cInvestigacions\u201d, \u201cPrecedents Neol\u00edtics\u201d, \u201cA la Mediterr\u00e0nia ia l&#039;Atl\u00e0ntic\u201d, \u201cObjectes\u201d, \u201cM\u00e9s humans que divins\u201d, \u201cA la cara\u201d, \u201cAl cos\u201d, \u201cA l&#039;art\u201d o \u201cAl culte\u201d. La <strong>segona sala<\/strong> s&#039;endinsa en els jaciments m\u00e9s destacats del territori peninsular, fent especial \u00e8mfasi en els de la prov\u00edncia d&#039;Alacant amb les troballes m\u00e9s notables trobades.<\/span><\/span><\/span><\/span><\/span><\/p>\n<p style=\"margin-left:0cm; margin-right:0cm; text-align:justify\"><span style=\"font-size:12pt\"><span style=\"font-family:LTAroma\"><span style=\"color:black\"><span style=\"font-size:11.0pt\"><span style=\"font-family:&quot;Verdana&quot;,&quot;sans-serif&quot;\">A l&#039;acte de presentaci\u00f3 d&#039;&#039;\u00cddols. Mirades Mil\u00b7len\u00e0ries&#039; han participat tamb\u00e9 el director gerent de la Fundaci\u00f3 CV-MARQ, <strong>Jos\u00e9 Alberto Cort\u00e9s<\/strong>, el director del MARQ, <strong>Manuel Olcina<\/strong>, el director del MAR, <strong>Enric Baquedano<\/strong>, i els comissaris de l&#039;exposici\u00f3, <strong>Jorge A. Soler<\/strong> i <strong>Primitiva B\u00e9<\/strong>. <\/span><\/span><\/span><\/span><\/span><\/p>\n<p style=\"margin-left:0cm; margin-right:0cm; text-align:justify\"><span style=\"font-size:12pt\"><span style=\"font-family:&quot;Times New Roman&quot;,serif\"><span style=\"font-size:11.0pt\"><span style=\"font-family:&quot;Verdana&quot;,&quot;sans-serif&quot;\"><span style=\"color:black\">&#039;\u00cddols. Miradas Milenarias&#039; ja est\u00e0 oberta al p\u00fablic i es podr\u00e0 visitar fins <strong>el proper 19 d&#039;abril<\/strong>. Per donar la benvinguda a la mostra, el MARQ celebrar\u00e0 aquest cap de setmana <strong>dues jornades de portes obertes<\/strong>, el dissabte 1 i el diumenge 2 de febrer, on es podr\u00e0 accedir tant al museu com a l&#039;exposici\u00f3 de manera gratu\u00efta. En aquesta ocasi\u00f3, el museu ha comptat amb la col\u00b7laboraci\u00f3 de <strong>Asisa,<\/strong> <strong>Fundaci\u00f3 Cajamurcia i Fundaci\u00f3 Banc Sabadell<\/strong>.<\/span><\/span><\/span><\/span><\/span><\/p>\n<p style=\"margin-left:0cm; margin-right:0cm; text-align:justify\"><span style=\"font-size:12pt\"><span style=\"font-family:&quot;Times New Roman&quot;,serif\"><span style=\"font-size:11.0pt\"><span style=\"font-family:&quot;Verdana&quot;,&quot;sans-serif&quot;\"><span style=\"color:black\">Com a complement a aquesta mostra, s&#039;ha editat un <strong>cat\u00e0leg<\/strong> cridat a convertir-se en una obra de consulta obligada per a estudiosos, universitats i especialistes. Una publicaci\u00f3 que <strong>integra 26 articles de 33 especialistes de reconegut prestigi internacional<\/strong>, oferint un complet panorama de la investigaci\u00f3 al Pr\u00f2xim Orient, Europa ia la Pen\u00ednsula Ib\u00e8rica.<\/span><\/span><\/span><\/span><\/span><\/p>\n<p style=\"margin-left:0cm; margin-right:0cm; text-align:justify\"><span style=\"font-size:12pt\"><span style=\"font-family:&quot;Times New Roman&quot;,serif\"><span style=\"font-size:11.0pt\"><span style=\"font-family:&quot;Verdana&quot;,&quot;sans-serif&quot;\">Aix\u00ed mateix, se n&#039;ha elaborat una <strong>Guia Did\u00e0ctica <\/strong>en un <strong>llenguatge accessible<\/strong> que recull a <strong>trenta p\u00e0gines<\/strong>, de manera rigorosa, el <strong>contingut hist\u00f2ric i cient\u00edfic del projecte<\/strong>. La Guia introdueix el visitant\/lector al m\u00f3n dels \u00eddols neol\u00edtics i calcol\u00edtics de la Pen\u00ednsula Ib\u00e8rica, als antecedents i la hist\u00f2ria de la investigaci\u00f3, a l&#039;estudi morfol\u00f2gic i tipol\u00f2gic de diferents contextos arqueol\u00f2gics, a l&#039;art rupestre esquem\u00e0tic, als llocs d&#039;h\u00e0bitat i als ambients funeraris. S&#039;ha editat juntament amb dos quaderns d&#039;exercicis breus, un per a Educaci\u00f3 Prim\u00e0ria i un altre per a Secund\u00e0ria, destinats al p\u00fablic escolar. <\/span><\/span><\/span><\/span><\/p>\n<p style=\"margin-left:0cm; margin-right:0cm; text-align:justify\"><span style=\"font-size:12pt\"><span style=\"font-family:&quot;Times New Roman&quot;,serif\"><span style=\"font-size:11.0pt\"><span style=\"font-family:&quot;Verdana&quot;,&quot;sans-serif&quot;\"><span style=\"color:black\">\u00cddols tamb\u00e9 compta amb recursos d&#039;accessibilitat, audiovisuals i paisatges sonors, com ara punts de lectura f\u00e0cil o recreacions en 3D obra del dissenyador <strong>Gustavo V\u00edlchez<\/strong>. El compositor alacant\u00ed <strong>Luis Ivars<\/strong> \u00e9s l&#039;autor dels paisatges sonors de les sales, que tamb\u00e9 estan dotades amb els recursos d&#039;accessibilitat necessaris per obrir aquesta mostra a tots els p\u00fablics, mentre que el disseny del projecte museogr\u00e0fic ha estat realitzat per l&#039;estudi <strong>Rocamora Arquitectura<\/strong> i el disseny gr\u00e0fic \u00e9s de <strong>Luis Sanz<\/strong>.<\/span><\/span><\/span><\/span><\/span><\/p>","protected":false},"excerpt":{"rendered":"<p>&nbsp; El MARQ ha acogido esta ma&ntilde;ana la presentaci&oacute;n de &lsquo;&Iacute;dolos. Miradas Milenarias&rsquo;, una nueva<span class=\"excerpt-hellip\"> [\u2026]<\/span><\/p>\n","protected":false},"author":3,"featured_media":0,"comment_status":"open","ping_status":"open","sticky":false,"template":"","format":"standard","meta":{"kia_subtitle":"","footnotes":""},"categories":[],"tags":[],"class_list":["post-34352","post","type-post","status-publish","format-standard","hentry"],"meta_box":[],"_links":{"self":[{"href":"https:\/\/marqalicante-admin.qwair.com\/va\/wp-json\/wp\/v2\/posts\/34352","targetHints":{"allow":["GET"]}}],"collection":[{"href":"https:\/\/marqalicante-admin.qwair.com\/va\/wp-json\/wp\/v2\/posts"}],"about":[{"href":"https:\/\/marqalicante-admin.qwair.com\/va\/wp-json\/wp\/v2\/types\/post"}],"author":[{"embeddable":true,"href":"https:\/\/marqalicante-admin.qwair.com\/va\/wp-json\/wp\/v2\/users\/3"}],"replies":[{"embeddable":true,"href":"https:\/\/marqalicante-admin.qwair.com\/va\/wp-json\/wp\/v2\/comments?post=34352"}],"version-history":[{"count":0,"href":"https:\/\/marqalicante-admin.qwair.com\/va\/wp-json\/wp\/v2\/posts\/34352\/revisions"}],"wp:attachment":[{"href":"https:\/\/marqalicante-admin.qwair.com\/va\/wp-json\/wp\/v2\/media?parent=34352"}],"wp:term":[{"taxonomy":"category","embeddable":true,"href":"https:\/\/marqalicante-admin.qwair.com\/va\/wp-json\/wp\/v2\/categories?post=34352"},{"taxonomy":"post_tag","embeddable":true,"href":"https:\/\/marqalicante-admin.qwair.com\/va\/wp-json\/wp\/v2\/tags?post=34352"}],"curies":[{"name":"wp","href":"https:\/\/api.w.org\/{rel}","templated":true}]}}