{"id":34320,"date":"2019-11-05T14:06:00","date_gmt":"2019-11-05T14:06:00","guid":{"rendered":"https:\/\/marqalicante-admin.qwair.com\/2019\/11\/05\/la-fundacion-cv-marq-revalida-el-certificado-q-de-calidad-turistica-y-afianza-su-compromiso-con-la-experiencia-del-visitante\/"},"modified":"2019-11-05T14:06:00","modified_gmt":"2019-11-05T14:06:00","slug":"la-fundacion-cv-marq-revalida-el-certificado-q-de-calidad-turistica-y-afianza-su-compromiso-con-la-experiencia-del-visitante","status":"publish","type":"post","link":"https:\/\/marqalicante-admin.qwair.com\/va\/la-fundacion-cv-marq-revalida-el-certificado-q-de-calidad-turistica-y-afianza-su-compromiso-con-la-experiencia-del-visitante\/","title":{"rendered":"La Fundaci\u00f3 CV MARQ revalida el certificat Q de Qualitat Tur\u00edstica i consolida el seu comprom\u00eds amb l&#039;experi\u00e8ncia del visitant"},"content":{"rendered":"<p>&nbsp;<\/p>\n<p><img decoding=\"async\" alt=\"\" src=\"\/contenido\/genericas\/Qalidad%20MARQ.jpg\" style=\"height:307px; width:448px\" \/><\/p>\n<p style=\"margin-left:0cm; margin-right:0cm; text-align:justify\"><span style=\"font-size:12pt\"><span style=\"font-family:LTAroma\"><span style=\"color:black\"><span style=\"font-size:11.0pt\"><span style=\"font-family:&quot;Verdana&quot;,&quot;sans-serif&quot;\">&nbsp; &nbsp; &nbsp; L<\/span><\/span><span style=\"font-size:11.0pt\"><span style=\"font-family:&quot;Verdana&quot;,&quot;sans-serif&quot;\">a <strong>Fundaci\u00f3 CV MARQ<\/strong> ha superat amb \u00e8xit l&#039;auditoria de primer seguiment del certificat de la <strong>Q de Qualitat Tur\u00edstica<\/strong> aconseguit el 2018. D&#039;aquesta manera, el museu alacant\u00ed referma el seu comprom\u00eds amb l&#039;excel\u00b7l\u00e8ncia a la <strong>prestaci\u00f3 i desenvolupament del servei<\/strong> que garanteix una <strong>visita satisfact\u00f2ria<\/strong> en harmonia amb el medi ambient. <\/span><\/span><\/span><\/span><\/span><\/p>\n<p style=\"margin-left:0cm; margin-right:0cm; text-align:justify\"><span style=\"font-size:12pt\"><span style=\"font-family:&quot;Times New Roman&quot;,serif\"><span style=\"font-size:11.0pt\"><span style=\"font-family:&quot;Verdana&quot;,&quot;sans-serif&quot;\"><span style=\"color:black\">&nbsp; &nbsp; El distintiu Q de Qualitat Tur\u00edstica valora la <strong>organitzaci\u00f3, prestaci\u00f3 del servei i experi\u00e8ncia dels visitants<\/strong>, la <strong>informaci\u00f3 que es brinda al p\u00fablic<\/strong> i la <strong>atenci\u00f3 dispensada<\/strong>, les facilitats ofertes per a la planificaci\u00f3 i organitzaci\u00f3 de la visita, la seguretat i l&#039;accessibilitat, aix\u00ed com l&#039;estat general dels espais i instal\u00b7lacions, entre d&#039;altres aspectes destacats.&nbsp; <\/span><\/span><\/span><\/span><\/span>&nbsp;<\/p>\n<p style=\"margin-left:0cm; margin-right:0cm; text-align:justify\"><span style=\"font-size:12pt\"><span style=\"font-family:&quot;Times New Roman&quot;,serif\"><span style=\"font-size:11.0pt\"><span style=\"font-family:&quot;Verdana&quot;,&quot;sans-serif&quot;\"><span style=\"color:black\">&nbsp; &nbsp; &nbsp;&nbsp;El MARQ va ser el primer dels 1.600 museus reconeguts a Espanya a obtenir la <strong>Q de Qualitat<\/strong>. En complir-se un any d&#039;aquest reconeixement, i despr\u00e9s de l&#039;auditoria realitzada, el museu alacant\u00ed ha aconseguit mantenir aquest distintiu que atorga l&#039;Estat Espanyol i que gestiona el <strong>Institut per a la Qualitat Tur\u00edstica Espanyola<\/strong> (ICTE). La Norma UNE 302002 \u00e9s una aposta ferma de la <strong>Secretaria d&#039;Estat de Turisme del Ministeri d&#039;Ind\u00fastria, Comer\u00e7 i Turisme<\/strong> orientada a garantir, facilitar i enriquir lexperi\u00e8ncia del visitant als nostres museus aportant prestigi, diferenciaci\u00f3, fiabilitat, rigorositat i promoci\u00f3.<\/span><\/span><\/span><\/span><\/span><\/p>\n<p style=\"margin-left:0cm; margin-right:0cm\"><span style=\"font-size:12pt\"><span style=\"font-family:&quot;Times New Roman&quot;,serif\">&nbsp;<\/span><\/span><\/p>\n<p style=\"margin-left:0cm; margin-right:0cm; text-align:justify\">&nbsp;<\/p>","protected":false},"excerpt":{"rendered":"<p>&nbsp; &nbsp; &nbsp; &nbsp; La Fundaci&oacute;n CV MARQ ha superado con &eacute;xito la auditor&iacute;a de<span class=\"excerpt-hellip\"> [\u2026]<\/span><\/p>\n","protected":false},"author":3,"featured_media":0,"comment_status":"open","ping_status":"open","sticky":false,"template":"","format":"standard","meta":{"kia_subtitle":"","footnotes":""},"categories":[],"tags":[],"class_list":["post-34320","post","type-post","status-publish","format-standard","hentry"],"meta_box":[],"_links":{"self":[{"href":"https:\/\/marqalicante-admin.qwair.com\/va\/wp-json\/wp\/v2\/posts\/34320","targetHints":{"allow":["GET"]}}],"collection":[{"href":"https:\/\/marqalicante-admin.qwair.com\/va\/wp-json\/wp\/v2\/posts"}],"about":[{"href":"https:\/\/marqalicante-admin.qwair.com\/va\/wp-json\/wp\/v2\/types\/post"}],"author":[{"embeddable":true,"href":"https:\/\/marqalicante-admin.qwair.com\/va\/wp-json\/wp\/v2\/users\/3"}],"replies":[{"embeddable":true,"href":"https:\/\/marqalicante-admin.qwair.com\/va\/wp-json\/wp\/v2\/comments?post=34320"}],"version-history":[{"count":0,"href":"https:\/\/marqalicante-admin.qwair.com\/va\/wp-json\/wp\/v2\/posts\/34320\/revisions"}],"wp:attachment":[{"href":"https:\/\/marqalicante-admin.qwair.com\/va\/wp-json\/wp\/v2\/media?parent=34320"}],"wp:term":[{"taxonomy":"category","embeddable":true,"href":"https:\/\/marqalicante-admin.qwair.com\/va\/wp-json\/wp\/v2\/categories?post=34320"},{"taxonomy":"post_tag","embeddable":true,"href":"https:\/\/marqalicante-admin.qwair.com\/va\/wp-json\/wp\/v2\/tags?post=34320"}],"curies":[{"name":"wp","href":"https:\/\/api.w.org\/{rel}","templated":true}]}}