{"id":34299,"date":"2019-09-10T15:19:00","date_gmt":"2019-09-10T15:19:00","guid":{"rendered":"https:\/\/marqalicante-admin.qwair.com\/2019\/09\/10\/fundacion-marq-y-obra-social-la-caixa-renuevan-su-acuerdo-para-desarrollar-actividades-didacticas\/"},"modified":"2019-09-10T15:19:00","modified_gmt":"2019-09-10T15:19:00","slug":"fundacion-marq-y-obra-social-la-caixa-renuevan-su-acuerdo-para-desarrollar-actividades-didacticas","status":"publish","type":"post","link":"https:\/\/marqalicante-admin.qwair.com\/va\/fundacion-marq-y-obra-social-la-caixa-renuevan-su-acuerdo-para-desarrollar-actividades-didacticas\/","title":{"rendered":"Fundaci\u00f3 MARQ i Obra Social \u201cla Caixa\u201d renoven el seu acord per desenvolupar activitats did\u00e0ctiques"},"content":{"rendered":"<p style=\"text-align:center\">&nbsp;<img decoding=\"async\" alt=\"\" src=\"\/contenido\/genericas\/%C2%A9DIPUTACION%20ALICANTE%20firma%20convenio%20marq%20la%20caixa.jpg\" \/><img decoding=\"async\" alt=\"\" src=\"\/contenido\/genericas\/123(2).jpg\" style=\"height:233px; width:350px\" \/><\/p>\n<p style=\"margin-left:0cm; margin-right:0cm; text-align:justify\"><span style=\"font-size:12pt\"><span style=\"font-family:LTAroma\"><span style=\"color:black\"><span style=\"font-size:11.0pt\"><span style=\"font-family:&quot;Verdana&quot;,&quot;sans-serif&quot;\">El president de la Diputaci\u00f3 Provincial dAlacant,&nbsp;<strong>Carlos Maz\u00f3n<\/strong>, i el director comercial de CaixaBank a la Comunitat Valenciana,&nbsp;<strong>Felip Pulido<\/strong>, han ratificat aquest mat\u00ed l&#039;acord de col\u00b7laboraci\u00f3 entre l&#039;Obra Social \u201cla Caixa\u201d i la Fundaci\u00f3 MARQ per desenvolupar el <strong>programa d&#039;activitats did\u00e0ctiques del Museu Arqueol\u00f2gic provincial<\/strong> durant el curs 2019-2020. <\/span><\/span><\/span><\/span><\/span><\/p>\n<p style=\"margin-left:0cm; margin-right:0cm; text-align:justify\"><span style=\"font-size:12pt\"><span style=\"font-family:LTAroma\"><span style=\"color:black\"><span style=\"font-size:11.0pt\"><span style=\"font-family:&quot;Verdana&quot;,&quot;sans-serif&quot;\">A l&#039;acte tamb\u00e9 hi ha assistit la vicepresidenta i diputada de Cultura,&nbsp;<strong>Julia Parra<\/strong>, que ser\u00e0 l&#039;encarregada de presentar el 26 de setembre la iniciativa adre\u00e7ada a la comunitat educativa \u201ccom una aposta per garantir que a les escoles tamb\u00e9 es parla del ric patrimoni cultural que atresorem\u201d.<\/span><\/span><\/span><\/span><\/span><\/p>\n<p style=\"margin-left:0cm; margin-right:0cm; text-align:justify\"><span style=\"font-size:12pt\"><span style=\"font-family:LTAroma\"><span style=\"color:black\"><span style=\"font-size:11.0pt\"><span style=\"font-family:&quot;Verdana&quot;,&quot;sans-serif&quot;\"><span style=\"color:#222222\">La signatura del conveni entre ambdues institucions permet que la programaci\u00f3 de la<strong> <\/strong>Unitat de Did\u00e0ctica, Club Llumiq, Accessibilitat i Responsabilitat Social de la Fundaci\u00f3 MARQ arribi cada any a m\u00e9s centres d&#039;ensenyament de la prov\u00edncia d&#039;Alacant. Aquesta iniciativa va n\u00e9ixer el 2016 i es renova despr\u00e9s dels bons resultats obtinguts als cursos anteriors. <strong>El passat exercici van participar en aquestes activitats dirigides des del MARQ <span style=\"background-color:white\">m\u00e9s de 18.000 infants de prop de 900 centres escolars de la prov\u00edncia.<\/span><\/strong><\/span><\/span><\/span><\/span><\/span><\/span><\/p>\n<p style=\"margin-left:0cm; margin-right:0cm; text-align:justify\"><span style=\"font-size:12pt\"><span style=\"font-family:LTAroma\"><span style=\"color:black\"><span style=\"font-size:11.0pt\"><span style=\"font-family:&quot;Verdana&quot;,&quot;sans-serif&quot;\"><span style=\"color:#222222\">El calendari per al curs 2019-2020 inclou <strong>tallers, visites guiades, material did\u00e0ctic, cursos de formaci\u00f3 per al professorat i altres projectes relacionats amb l&#039;accessibilitat i la responsabilitat social <\/strong>enfocats a docents i centres educatius.<\/span><\/span><\/span><\/span><\/span><\/span><\/p>\n<p style=\"margin-left:0cm; margin-right:0cm; text-align:justify\"><span style=\"font-size:12pt\"><span style=\"font-family:LTAroma\"><span style=\"color:black\"><span style=\"font-size:11.0pt\"><span style=\"font-family:&quot;Verdana&quot;,&quot;sans-serif&quot;\"><span style=\"color:#222222\">A trav\u00e9s d&#039;aquest programa la <strong>Obra Social \u201cla Caixa\u201d contribueix a fomentar el paper formador i educador dels museus i la vocaci\u00f3 del MARQ per apropar a infants i joves la hist\u00f2ria i el llegat<\/strong> cultural i arqueol\u00f2gic dAlacant. La darrera finalitat d&#039;aquest acord \u00e9s crear una societat m\u00e9s preparada a trav\u00e9s del coneixement i la conviv\u00e8ncia.<\/span><\/span><\/span><\/span><\/span><\/span><\/p>\n<p style=\"margin-left:0cm; margin-right:0cm; text-align:justify\"><span style=\"font-size:12pt\"><span style=\"font-family:LTAroma\"><span style=\"color:black\"><span style=\"font-size:11.0pt\"><span style=\"font-family:&quot;Verdana&quot;,&quot;sans-serif&quot;\">La Fundaci\u00f3 Banc\u00e0ria \u201dla Caixa\u201d, presidida per <strong>Isidre Fain\u00e9<\/strong> i dirigida per <strong>Jaume Gir\u00f3<\/strong>, \u00e9s la primera fundaci\u00f3 privada d&#039;Espanya i una de les m\u00e9s importants del m\u00f3n. Col\u00b7labora amb la Diputaci\u00f3 d&#039;Alacant en el desenvolupament de programes socials i per a la promoci\u00f3 de la cultura i l&#039;educaci\u00f3.<\/span><\/span><\/span><\/span><\/span><\/p>\n<p style=\"margin-left:0cm; margin-right:0cm; text-align:justify\">&nbsp;<\/p>","protected":false},"excerpt":{"rendered":"<p>&nbsp; El presidente de la Diputaci&oacute;n Provincial de Alicante,&nbsp;Carlos Maz&oacute;n, y el director comercial de<span class=\"excerpt-hellip\"> [\u2026]<\/span><\/p>\n","protected":false},"author":3,"featured_media":0,"comment_status":"open","ping_status":"open","sticky":false,"template":"","format":"standard","meta":{"kia_subtitle":"","footnotes":""},"categories":[],"tags":[],"class_list":["post-34299","post","type-post","status-publish","format-standard","hentry"],"meta_box":[],"_links":{"self":[{"href":"https:\/\/marqalicante-admin.qwair.com\/va\/wp-json\/wp\/v2\/posts\/34299","targetHints":{"allow":["GET"]}}],"collection":[{"href":"https:\/\/marqalicante-admin.qwair.com\/va\/wp-json\/wp\/v2\/posts"}],"about":[{"href":"https:\/\/marqalicante-admin.qwair.com\/va\/wp-json\/wp\/v2\/types\/post"}],"author":[{"embeddable":true,"href":"https:\/\/marqalicante-admin.qwair.com\/va\/wp-json\/wp\/v2\/users\/3"}],"replies":[{"embeddable":true,"href":"https:\/\/marqalicante-admin.qwair.com\/va\/wp-json\/wp\/v2\/comments?post=34299"}],"version-history":[{"count":0,"href":"https:\/\/marqalicante-admin.qwair.com\/va\/wp-json\/wp\/v2\/posts\/34299\/revisions"}],"wp:attachment":[{"href":"https:\/\/marqalicante-admin.qwair.com\/va\/wp-json\/wp\/v2\/media?parent=34299"}],"wp:term":[{"taxonomy":"category","embeddable":true,"href":"https:\/\/marqalicante-admin.qwair.com\/va\/wp-json\/wp\/v2\/categories?post=34299"},{"taxonomy":"post_tag","embeddable":true,"href":"https:\/\/marqalicante-admin.qwair.com\/va\/wp-json\/wp\/v2\/tags?post=34299"}],"curies":[{"name":"wp","href":"https:\/\/api.w.org\/{rel}","templated":true}]}}