{"id":34294,"date":"2019-08-29T09:53:33","date_gmt":"2019-08-29T09:53:33","guid":{"rendered":"https:\/\/marqalicante-admin.qwair.com\/2019\/08\/29\/el-programa-de-arqueomania-visita-el-marq\/"},"modified":"2019-08-29T09:53:33","modified_gmt":"2019-08-29T09:53:33","slug":"el-programa-de-arqueomania-visita-el-marq","status":"publish","type":"post","link":"https:\/\/marqalicante-admin.qwair.com\/va\/el-programa-de-arqueomania-visita-el-marq\/","title":{"rendered":"El Programa d&#039;Arqueomania visita el MARQ"},"content":{"rendered":"<p style=\"margin-left:0cm; margin-right:0cm; text-align:center\"><img decoding=\"async\" alt=\"\" src=\"\/contenido\/genericas\/Pimentel1.jpg\" style=\"height:445px; width:400px\" \/><\/p>\n<p style=\"margin-left:0cm; margin-right:0cm; text-align:justify\"><span style=\"font-size:11pt\"><span style=\"font-family:Calibri,sans-serif\"><span style=\"font-size:18.0pt\">El programa Arqueomania de La 2 de TVE ha visitat aquest mat\u00ed el MARQ amb motiu del reportatge que aquest espai televisiu oferir\u00e0 properament sobre l&#039;exposici\u00f3 &#039;Iran. Cultura de Civilitzacions, la mostra que fins diumenge que ve i des del mes de mar\u00e7 passat exhibeix el museu alacant\u00ed i que fins ara ha rebut la visita de prop de 95.000 persones. El director, productor i presentador del programa, <strong>Manuel Pimentel,<\/strong> acompanyat pel seu equip, ha recorregut, a m\u00e9s d&#039;aquesta col\u00b7lecci\u00f3 temporal, que s&#039;acomiada aquest cap de setmana amb jornades de portes obertes, l&#039;exposici\u00f3 permanent del museu, aix\u00ed com les \u00e0rees t\u00e8cniques ubicades als soterranis del centre. El director t\u00e8cnic, <strong>Manuel Olcina<\/strong>, ha acompanyat durant la visita Pimentel, que ha valorat molt positivament els tresors arqueol\u00f2gics que alberga el MARQ i s&#039;ha interessat pels detalls de l&#039;exposici\u00f3 que el centre alacant\u00ed portar\u00e0 a partir del 22 de setembre a l&#039;Iran. Pimentel, que va ser ministre de Treball i Afers Socials entre 1999 i 2000, \u00e9s tamb\u00e9 autor de nombroses novel\u00b7les i assajos. <\/span><\/span><\/span><\/p>","protected":false},"excerpt":{"rendered":"<p>El programa Arqueoman&iacute;a de La 2 de TVE ha visitado esta ma&ntilde;ana el MARQ con<span class=\"excerpt-hellip\"> [\u2026]<\/span><\/p>\n","protected":false},"author":3,"featured_media":0,"comment_status":"open","ping_status":"open","sticky":false,"template":"","format":"standard","meta":{"kia_subtitle":"","footnotes":""},"categories":[],"tags":[],"class_list":["post-34294","post","type-post","status-publish","format-standard","hentry"],"meta_box":[],"_links":{"self":[{"href":"https:\/\/marqalicante-admin.qwair.com\/va\/wp-json\/wp\/v2\/posts\/34294","targetHints":{"allow":["GET"]}}],"collection":[{"href":"https:\/\/marqalicante-admin.qwair.com\/va\/wp-json\/wp\/v2\/posts"}],"about":[{"href":"https:\/\/marqalicante-admin.qwair.com\/va\/wp-json\/wp\/v2\/types\/post"}],"author":[{"embeddable":true,"href":"https:\/\/marqalicante-admin.qwair.com\/va\/wp-json\/wp\/v2\/users\/3"}],"replies":[{"embeddable":true,"href":"https:\/\/marqalicante-admin.qwair.com\/va\/wp-json\/wp\/v2\/comments?post=34294"}],"version-history":[{"count":0,"href":"https:\/\/marqalicante-admin.qwair.com\/va\/wp-json\/wp\/v2\/posts\/34294\/revisions"}],"wp:attachment":[{"href":"https:\/\/marqalicante-admin.qwair.com\/va\/wp-json\/wp\/v2\/media?parent=34294"}],"wp:term":[{"taxonomy":"category","embeddable":true,"href":"https:\/\/marqalicante-admin.qwair.com\/va\/wp-json\/wp\/v2\/categories?post=34294"},{"taxonomy":"post_tag","embeddable":true,"href":"https:\/\/marqalicante-admin.qwair.com\/va\/wp-json\/wp\/v2\/tags?post=34294"}],"curies":[{"name":"wp","href":"https:\/\/api.w.org\/{rel}","templated":true}]}}