{"id":34279,"date":"2019-07-04T13:52:26","date_gmt":"2019-07-04T13:52:26","guid":{"rendered":"https:\/\/marqalicante-admin.qwair.com\/2019\/07\/04\/la-once-premia-la-accesibilidad-de-las-exposiciones-del-marq\/"},"modified":"2019-07-04T13:52:26","modified_gmt":"2019-07-04T13:52:26","slug":"la-once-premia-la-accesibilidad-de-las-exposiciones-del-marq","status":"publish","type":"post","link":"https:\/\/marqalicante-admin.qwair.com\/va\/la-once-premia-la-accesibilidad-de-las-exposiciones-del-marq\/","title":{"rendered":"L\u00b4ONCE premia l\u00b4accessibilitat de les exposicions del MARQ"},"content":{"rendered":"<p style=\"margin-left:0cm; margin-right:0cm; text-align:center\"><img decoding=\"async\" alt=\"\" src=\"\/contenido\/genericas\/ONCE(1).jpg\" style=\"height:317px; width:450px\" \/><\/p>\n<p style=\"margin-left:0cm; margin-right:0cm; text-align:justify\"><span style=\"font-size:11pt\"><span style=\"font-family:Calibri,sans-serif\"><span style=\"font-size:12.0pt\"><span style=\"font-family:&quot;Trebuchet MS&quot;,&quot;sans-serif&quot;\">A la cerim\u00f2nia i festa de fi de curs del CRE de l&#039;ONCE d&#039;Alacant celebrada el 28 de juny passat es van lliurar distincions a aquelles entitats i persones que han col\u00b7laborat durant aquest curs 2017-2018 per dur a terme els seus objectius d&#039;inclusi\u00f3 educativa.<\/span><\/span><\/span><\/span><\/p>\n<p style=\"margin-left:0cm; margin-right:0cm; text-align:justify\"><span style=\"font-size:11pt\"><span style=\"font-family:Calibri,sans-serif\"><span style=\"font-size:12.0pt\"><span style=\"font-family:&quot;Trebuchet MS&quot;,&quot;sans-serif&quot;\">El MARQ ha estat guardonat amb el <strong><em>premi a la inclusi\u00f3<\/em><\/strong> pel treball exercit per aconseguir l&#039;accessibilitat de les seves exposicions temporals per a les persones cegues o amb problemes greus de visi\u00f3.<\/span><\/span><\/span><\/span><\/p>\n<p style=\"margin-left:0cm; margin-right:0cm; text-align:justify\"><span style=\"font-size:11pt\"><span style=\"font-family:Calibri,sans-serif\"><span style=\"font-size:12.0pt\"><span style=\"font-family:&quot;Trebuchet MS&quot;,&quot;sans-serif&quot;\">El Departament de Did\u00e0ctica i Accessibilitat del MARQ, el Departament d&#039;Exposicions i Difusi\u00f3 del MARQ, arquitectes i dissenyadors treballen conjuntament per aconseguir que les mostres siguin inclusives, tenint en compte aspectes com ara el plantejament de l&#039;exposici\u00f3, les peces destacades, els objectius principals, els continguts indispensables de la mostra, el discurs museogr\u00e0fic, etc. I \u00e9s que el MARQ ha adquirit el comprom\u00eds de facilitar l&#039;accessibilitat i la inclusi\u00f3 als diferents col\u00b7lectius, tant a l&#039;espai f\u00edsic com als continguts de les exposicions temporals.<\/span><\/span><\/span><\/span><\/p>\n<p style=\"margin-left:0cm; margin-right:0cm; text-align:justify\"><span style=\"font-size:11pt\"><span style=\"font-family:Calibri,sans-serif\"><span style=\"font-size:12.0pt\"><span style=\"font-family:&quot;Trebuchet MS&quot;,&quot;sans-serif&quot;\">Entre les accions realitzades per aconseguir exposicions accessibles per a les persones cegues destaquen, entre d&#039;altres, el Pl\u00e0nol T\u00e0ctil de les tres sales temporals; la distribuci\u00f3 de les vitrines, la seva altura i els recorreguts de sala de manera que permetin les visites amb gos guia, bast\u00f3, o cadira de rodes; reproduccions en 3D de les peces m\u00e9s representatives; <\/span><\/span><span style=\"font-size:12.0pt\"><span style=\"font-family:&quot;Trebuchet MS&quot;,&quot;sans-serif&quot;\">recursos sensorials utilitzant olors i perfums principalment, per assenyalar els diferents \u00e0mbits i continguts expositius; i els <\/span><\/span><span style=\"font-size:12.0pt\"><span style=\"font-family:&quot;Trebuchet MS&quot;,&quot;sans-serif&quot;\">codis QR per accedir a la informaci\u00f3 en \u00e0udio.<\/span><\/span><\/span><\/span><\/p>\n<p style=\"margin-left:0cm; margin-right:0cm; text-align:justify\"><span style=\"font-size:10pt\"><span style=\"font-family:Calibri,sans-serif\"><span style=\"font-size:12.0pt\"><span style=\"font-family:&quot;Trebuchet MS&quot;,&quot;sans-serif&quot;\">Per al MARQ \u00e9s un honor poder dur a terme accions conjuntes amb les ONZE d&#039;Alacant, <\/span><\/span><span style=\"font-size:12.0pt\"><span style=\"font-family:&quot;Trebuchet MS&quot;,&quot;sans-serif&quot;\">destinades a<\/span><\/span><span style=\"font-size:12.0pt\"><span style=\"font-family:&quot;Trebuchet MS&quot;,&quot;sans-serif&quot;\"> assolir la plena accessibilitat del patrimoni arqueol\u00f2gic que el MARQ atresora, amb l&#039;objectiu que els col\u00b7lectius de persones cegues o amb problemes greus de visi\u00f3, aconsegueixin m\u00e9s aprofitament i gaudi de les seves activitats d&#039;oci i temps lliure.<\/span><\/span><span style=\"font-size:12.0pt\"><span style=\"font-family:&quot;Trebuchet MS&quot;,&quot;sans-serif&quot;\"> Junts fem que el MARQ sigui un museu per a tothom.<\/span><\/span><\/span><\/span><\/p>\n<p style=\"margin-left:0cm; margin-right:0cm\">&nbsp;<\/p>","protected":false},"excerpt":{"rendered":"<p>En la ceremonia y fiesta de fin de curso del CRE de la ONCE de<span class=\"excerpt-hellip\"> [\u2026]<\/span><\/p>\n","protected":false},"author":3,"featured_media":0,"comment_status":"open","ping_status":"open","sticky":false,"template":"","format":"standard","meta":{"kia_subtitle":"","footnotes":""},"categories":[],"tags":[],"class_list":["post-34279","post","type-post","status-publish","format-standard","hentry"],"meta_box":[],"_links":{"self":[{"href":"https:\/\/marqalicante-admin.qwair.com\/va\/wp-json\/wp\/v2\/posts\/34279","targetHints":{"allow":["GET"]}}],"collection":[{"href":"https:\/\/marqalicante-admin.qwair.com\/va\/wp-json\/wp\/v2\/posts"}],"about":[{"href":"https:\/\/marqalicante-admin.qwair.com\/va\/wp-json\/wp\/v2\/types\/post"}],"author":[{"embeddable":true,"href":"https:\/\/marqalicante-admin.qwair.com\/va\/wp-json\/wp\/v2\/users\/3"}],"replies":[{"embeddable":true,"href":"https:\/\/marqalicante-admin.qwair.com\/va\/wp-json\/wp\/v2\/comments?post=34279"}],"version-history":[{"count":0,"href":"https:\/\/marqalicante-admin.qwair.com\/va\/wp-json\/wp\/v2\/posts\/34279\/revisions"}],"wp:attachment":[{"href":"https:\/\/marqalicante-admin.qwair.com\/va\/wp-json\/wp\/v2\/media?parent=34279"}],"wp:term":[{"taxonomy":"category","embeddable":true,"href":"https:\/\/marqalicante-admin.qwair.com\/va\/wp-json\/wp\/v2\/categories?post=34279"},{"taxonomy":"post_tag","embeddable":true,"href":"https:\/\/marqalicante-admin.qwair.com\/va\/wp-json\/wp\/v2\/tags?post=34279"}],"curies":[{"name":"wp","href":"https:\/\/api.w.org\/{rel}","templated":true}]}}