{"id":34274,"date":"2019-06-18T13:36:27","date_gmt":"2019-06-18T13:36:27","guid":{"rendered":"https:\/\/marqalicante-admin.qwair.com\/2019\/06\/18\/un-premio-y-una-noche-inolvidable-en-el-museo\/"},"modified":"2019-06-18T13:36:27","modified_gmt":"2019-06-18T13:36:27","slug":"un-premio-y-una-noche-inolvidable-en-el-museo","status":"publish","type":"post","link":"https:\/\/marqalicante-admin.qwair.com\/va\/un-premio-y-una-noche-inolvidable-en-el-museo\/","title":{"rendered":"Un premi i una nit inoblidable al Museu"},"content":{"rendered":"<p>&nbsp;&nbsp;<\/p>\n<p><img decoding=\"async\" alt=\"\" src=\"\/contenido\/genericas\/Noche%20Museo.jpg\" style=\"height:336px; width:448px\" \/><\/p>\n<p style=\"margin-left:0cm; margin-right:0cm; text-align:justify\"><span style=\"font-size:12pt\"><span style=\"font-family:&quot;Times New Roman&quot;,serif\"><span style=\"font-family:&quot;Trebuchet MS&quot;,&quot;sans-serif&quot;\">Sens dubte, passar la nit dins del MARQ \u00e9s una d&#039;aquelles experi\u00e8ncies que els alumnes de 1r de l&#039;ESO de l&#039;IES La Foia d&#039;Ibi no podran oblidar mai. Un premi al seu excel\u00b7lent treball al concurs provincial de Projectes Educatius del MARQ, un projecte sobre la Prehist\u00f2ria titulat \u201cLes aventures de Sito, Sita i Bemen al Santuari del Pla de Petracos\u201d. Ahir dilluns, abans que comenc\u00e9s tan extraordin\u00e0ria aventura, els xavals van recollir els diplomes acreditatius de mans del director gerent de la Fundaci\u00f3 MARQ, Jos\u00e9 Alberto Cort\u00e9s, al mateix IES La Foia, per despla\u00e7ar-se ja a la tarda al MARQ a gaudir d&#039;un premi tan merescut.<\/span><\/span><\/span><\/p>\n<p style=\"margin-left:0cm; margin-right:0cm; text-align:justify\"><span style=\"font-size:12pt\"><span style=\"font-family:&quot;Times New Roman&quot;,serif\"><span style=\"font-family:&quot;Trebuchet MS&quot;,&quot;sans-serif&quot;\">Els projectes educatius del MARQ aposten per despertar l&#039;inter\u00e8s i la motivaci\u00f3 tant per la nostra hist\u00f2ria i el nostre patrimoni com cap al m\u00f3n de l&#039;arqueologia. Comprendre la import\u00e0ncia que ha suposat l&#039;extraordinari llegat cultural dels nostres avantpassats, potenciar el treball en equip, fomentar la lectura i la creativitat s\u00f3n objectius dels projectes educatius del MARQ.&nbsp; <\/span><\/span><\/span><\/p>\n<p style=\"margin-left:0cm; margin-right:0cm; text-align:justify\"><span style=\"font-size:12pt\"><span style=\"font-family:&quot;Times New Roman&quot;,serif\"><span style=\"font-family:&quot;Trebuchet MS&quot;,&quot;sans-serif&quot;\">En aquest curs escolar hi han participat m\u00e9s de 600 escolars que han elaborat diferents projectes que vinculen el seu treball a l&#039;aula tant amb la col\u00b7lecci\u00f3 permanent i els jaciments com amb les exposicions temporals del MARQ. Els projectes s&#039;inicien al setembre amb el comen\u00e7ament del curs.<\/span><\/span><\/span><\/p>","protected":false},"excerpt":{"rendered":"<p>&nbsp;&nbsp; Sin duda, pasar la noche dentro del MARQ es una de esas experiencias que<span class=\"excerpt-hellip\"> [\u2026]<\/span><\/p>\n","protected":false},"author":3,"featured_media":0,"comment_status":"open","ping_status":"open","sticky":false,"template":"","format":"standard","meta":{"kia_subtitle":"","footnotes":""},"categories":[],"tags":[],"class_list":["post-34274","post","type-post","status-publish","format-standard","hentry"],"meta_box":[],"_links":{"self":[{"href":"https:\/\/marqalicante-admin.qwair.com\/va\/wp-json\/wp\/v2\/posts\/34274","targetHints":{"allow":["GET"]}}],"collection":[{"href":"https:\/\/marqalicante-admin.qwair.com\/va\/wp-json\/wp\/v2\/posts"}],"about":[{"href":"https:\/\/marqalicante-admin.qwair.com\/va\/wp-json\/wp\/v2\/types\/post"}],"author":[{"embeddable":true,"href":"https:\/\/marqalicante-admin.qwair.com\/va\/wp-json\/wp\/v2\/users\/3"}],"replies":[{"embeddable":true,"href":"https:\/\/marqalicante-admin.qwair.com\/va\/wp-json\/wp\/v2\/comments?post=34274"}],"version-history":[{"count":0,"href":"https:\/\/marqalicante-admin.qwair.com\/va\/wp-json\/wp\/v2\/posts\/34274\/revisions"}],"wp:attachment":[{"href":"https:\/\/marqalicante-admin.qwair.com\/va\/wp-json\/wp\/v2\/media?parent=34274"}],"wp:term":[{"taxonomy":"category","embeddable":true,"href":"https:\/\/marqalicante-admin.qwair.com\/va\/wp-json\/wp\/v2\/categories?post=34274"},{"taxonomy":"post_tag","embeddable":true,"href":"https:\/\/marqalicante-admin.qwair.com\/va\/wp-json\/wp\/v2\/tags?post=34274"}],"curies":[{"name":"wp","href":"https:\/\/api.w.org\/{rel}","templated":true}]}}