{"id":34262,"date":"2019-05-20T14:32:55","date_gmt":"2019-05-20T14:32:55","guid":{"rendered":"https:\/\/marqalicante-admin.qwair.com\/2019\/05\/20\/seis-mil-personas-celebran-en-los-centros-culturales-de-la-diputacion-de-alicante-el-dia-internacional-de-los-museos\/"},"modified":"2019-05-20T14:32:55","modified_gmt":"2019-05-20T14:32:55","slug":"seis-mil-personas-celebran-en-los-centros-culturales-de-la-diputacion-de-alicante-el-dia-internacional-de-los-museos","status":"publish","type":"post","link":"https:\/\/marqalicante-admin.qwair.com\/va\/seis-mil-personas-celebran-en-los-centros-culturales-de-la-diputacion-de-alicante-el-dia-internacional-de-los-museos\/","title":{"rendered":"Sis mil persones celebren als centres culturals de la Diputaci\u00f3 d&#039;Alacant el Dia Internacional dels Museus"},"content":{"rendered":"<p>&nbsp;&nbsp;<\/p>\n<p>&nbsp;<\/p>\n<p><img decoding=\"async\" alt=\"\" src=\"\/contenido\/genericas\/MARQ%20DIM.jpg\" style=\"height:336px; width:448px\" \/><\/p>\n<p>&nbsp;<\/p>\n<p style=\"margin-left:0cm; margin-right:0cm; text-align:justify\"><span style=\"font-size:12pt\"><span style=\"font-family:&quot;Times New Roman&quot;,serif\"><span style=\"font-size:11.0pt\"><span style=\"font-family:&quot;Verdana&quot;,&quot;sans-serif&quot;\">&nbsp; &nbsp; &nbsp; &nbsp;Els centres culturals de la <strong>Diputaci\u00f3 d&#039;Alacant<\/strong> han celebrat aquest cap de setmana el <strong>Dia Internacional dels Museus<\/strong> amb la visita d&#039;unes <strong>sis mil<\/strong> <\/span><\/span><strong><span style=\"font-size:11.0pt\"><span style=\"font-family:&quot;Verdana&quot;,&quot;sans-serif&quot;\">persones<\/span><\/span><\/strong><span style=\"font-size:11.0pt\"><span style=\"font-family:&quot;Verdana&quot;,&quot;sans-serif&quot;\">, dos mil m\u00e9s que el 2018. <strong>El MARQ<\/strong>,<strong> el MUBAG i l&#039;Institut Gil-Albert<\/strong> han commemorat aquesta efem\u00e8ride amb un ampli programa d&#039;activitats l\u00fadiques i did\u00e0ctiques per a tota la fam\u00edlia que ha incl\u00f2s jornades de portes obertes amb entrada gratu\u00efta, tallers, jocs, concursos o visites guiades i teatralitzades, entre d&#039;altres.<\/span><\/span><\/span><\/span><\/p>\n<p style=\"margin-left:0cm; margin-right:0cm; text-align:justify\"><span style=\"font-size:12pt\"><span style=\"font-family:&quot;Times New Roman&quot;,serif\"><span style=\"font-size:11.0pt\"><span style=\"font-family:&quot;Verdana&quot;,&quot;sans-serif&quot;\">El <strong>Museu Arqueol\u00f2gic d&#039;Alacant<\/strong> <strong>i els jaciments de Lucentum i la Illeta dels Banyets <\/strong>han duplicat la xifra de l&#039;any passat amb m\u00e9s de <strong>5.000 persones<\/strong><\/span><\/span><span style=\"font-size:11.0pt\"><span style=\"font-family:&quot;Verdana&quot;,&quot;sans-serif&quot;\">. <\/span><\/span><span style=\"font-size:11.0pt\"><span style=\"font-family:&quot;Verdana&quot;,&quot;sans-serif&quot;\">Les visites animades als parcs arqueol\u00f2gics, interpretades per la <strong>Associaci\u00f3 de Reconstrucci\u00f3 Hist\u00f2rica Hisp\u00e0nia Romana<\/strong>, han estat especialment ben rebudes pel p\u00fablic i s&#039;han esgotat totes les passades. A m\u00e9s, al museu ha brillat amb llum pr\u00f2pia l&#039;exposici\u00f3 internacional <strong>&#039;Iran. Bressol de Civilitzacions&#039;<\/strong>, una imponent col\u00b7lecci\u00f3 de gaireb\u00e9 200 objectes que abra\u00e7a la hist\u00f2ria d&#039;aquesta apassionant cultura des dels primers vestigis humans fins al segle XVIII. <\/span><\/span><\/span><\/span><\/p>","protected":false},"excerpt":{"rendered":"<p>&nbsp;&nbsp; &nbsp; &nbsp; &nbsp; &nbsp; &nbsp; &nbsp;Los centros culturales de la Diputaci&oacute;n de Alicante han<span class=\"excerpt-hellip\"> [\u2026]<\/span><\/p>\n","protected":false},"author":3,"featured_media":0,"comment_status":"open","ping_status":"open","sticky":false,"template":"","format":"standard","meta":{"kia_subtitle":"","footnotes":""},"categories":[],"tags":[],"class_list":["post-34262","post","type-post","status-publish","format-standard","hentry"],"meta_box":[],"_links":{"self":[{"href":"https:\/\/marqalicante-admin.qwair.com\/va\/wp-json\/wp\/v2\/posts\/34262","targetHints":{"allow":["GET"]}}],"collection":[{"href":"https:\/\/marqalicante-admin.qwair.com\/va\/wp-json\/wp\/v2\/posts"}],"about":[{"href":"https:\/\/marqalicante-admin.qwair.com\/va\/wp-json\/wp\/v2\/types\/post"}],"author":[{"embeddable":true,"href":"https:\/\/marqalicante-admin.qwair.com\/va\/wp-json\/wp\/v2\/users\/3"}],"replies":[{"embeddable":true,"href":"https:\/\/marqalicante-admin.qwair.com\/va\/wp-json\/wp\/v2\/comments?post=34262"}],"version-history":[{"count":0,"href":"https:\/\/marqalicante-admin.qwair.com\/va\/wp-json\/wp\/v2\/posts\/34262\/revisions"}],"wp:attachment":[{"href":"https:\/\/marqalicante-admin.qwair.com\/va\/wp-json\/wp\/v2\/media?parent=34262"}],"wp:term":[{"taxonomy":"category","embeddable":true,"href":"https:\/\/marqalicante-admin.qwair.com\/va\/wp-json\/wp\/v2\/categories?post=34262"},{"taxonomy":"post_tag","embeddable":true,"href":"https:\/\/marqalicante-admin.qwair.com\/va\/wp-json\/wp\/v2\/tags?post=34262"}],"curies":[{"name":"wp","href":"https:\/\/api.w.org\/{rel}","templated":true}]}}