{"id":34251,"date":"2019-04-26T14:07:00","date_gmt":"2019-04-26T14:07:00","guid":{"rendered":"https:\/\/marqalicante-admin.qwair.com\/2019\/04\/26\/xian-y-alicante-unidas-por-el-marq\/"},"modified":"2019-04-26T14:07:00","modified_gmt":"2019-04-26T14:07:00","slug":"xian-y-alicante-unidas-por-el-marq","status":"publish","type":"post","link":"https:\/\/marqalicante-admin.qwair.com\/va\/xian-y-alicante-unidas-por-el-marq\/","title":{"rendered":"Xi&#039;an i Alacant unides pel MARQ"},"content":{"rendered":"<p>La delegaci\u00f3 Xina despla\u00e7ada a Alacant, encap\u00e7alada per la Sra. Zhang Xiao Ying, responsable del Centre de Promoci\u00f3 del Patrimoni Cultural de Shaanxi, i Wen Jun, subdirectora del Museu Nacional d&#039;Hist\u00f2ria de Shaanxi, juntament amb els responsables de seguretat i exposicions del Museu del Mausoleu del Primer Emperador Quin a Xi&#039;an, avan\u00e7ar en els detalls del projecte expositiu que ens permeti portar els guerrers de Xi&#039;an a Alacant, l&#039;any que ve.<\/p>\n<p>La Delegaci\u00f3 s&#039;ha acomiadat del MARQ amb un &quot;fins aviat&quot; aquest mateix mat\u00ed a l&#039;espera il\u00b7lusionada dels resultats de l&#039;Informe per les autoritats xineses responsables d&#039;aquest hist\u00f2ric ex\u00e8rcit de terracota, reconegut el 1987 com a Patrimoni de la Humanitat.&nbsp;<\/p>\n<p><a href=\"https:\/\/www.abelevatorshoes.com\/\" target=\"_blank\" rel=\"noopener\">www.abelevatorshoes.com<\/a><\/p>","protected":false},"excerpt":{"rendered":"<p>La delegaci&oacute;n China desplazada a Alicante, encabezada por la Sra. Zhang Xiao Ying, responsable del<span class=\"excerpt-hellip\"> [\u2026]<\/span><\/p>\n","protected":false},"author":3,"featured_media":0,"comment_status":"open","ping_status":"open","sticky":false,"template":"","format":"standard","meta":{"kia_subtitle":"","footnotes":""},"categories":[],"tags":[],"class_list":["post-34251","post","type-post","status-publish","format-standard","hentry"],"meta_box":[],"_links":{"self":[{"href":"https:\/\/marqalicante-admin.qwair.com\/va\/wp-json\/wp\/v2\/posts\/34251","targetHints":{"allow":["GET"]}}],"collection":[{"href":"https:\/\/marqalicante-admin.qwair.com\/va\/wp-json\/wp\/v2\/posts"}],"about":[{"href":"https:\/\/marqalicante-admin.qwair.com\/va\/wp-json\/wp\/v2\/types\/post"}],"author":[{"embeddable":true,"href":"https:\/\/marqalicante-admin.qwair.com\/va\/wp-json\/wp\/v2\/users\/3"}],"replies":[{"embeddable":true,"href":"https:\/\/marqalicante-admin.qwair.com\/va\/wp-json\/wp\/v2\/comments?post=34251"}],"version-history":[{"count":0,"href":"https:\/\/marqalicante-admin.qwair.com\/va\/wp-json\/wp\/v2\/posts\/34251\/revisions"}],"wp:attachment":[{"href":"https:\/\/marqalicante-admin.qwair.com\/va\/wp-json\/wp\/v2\/media?parent=34251"}],"wp:term":[{"taxonomy":"category","embeddable":true,"href":"https:\/\/marqalicante-admin.qwair.com\/va\/wp-json\/wp\/v2\/categories?post=34251"},{"taxonomy":"post_tag","embeddable":true,"href":"https:\/\/marqalicante-admin.qwair.com\/va\/wp-json\/wp\/v2\/tags?post=34251"}],"curies":[{"name":"wp","href":"https:\/\/api.w.org\/{rel}","templated":true}]}}