{"id":34225,"date":"2019-01-15T08:42:00","date_gmt":"2019-01-15T08:42:00","guid":{"rendered":"https:\/\/marqalicante-admin.qwair.com\/2019\/01\/15\/la-cultura-material-de-iran-mas-cerca-del-marq\/"},"modified":"2019-01-15T08:42:00","modified_gmt":"2019-01-15T08:42:00","slug":"la-cultura-material-de-iran-mas-cerca-del-marq","status":"publish","type":"post","link":"https:\/\/marqalicante-admin.qwair.com\/va\/la-cultura-material-de-iran-mas-cerca-del-marq\/","title":{"rendered":"La cultura material de l&#039;Iran, m\u00e9s a prop del MARQ"},"content":{"rendered":"<p>&nbsp;<\/p>\n<p><img decoding=\"async\" alt=\"\" src=\"\/contenido\/genericas\/Ok%20Ir%C3%A1n.jpg\" \/><img decoding=\"async\" alt=\"\" src=\"\/contenido\/genericas\/iran%20.jpg\" style=\"height:336px; width:444px\" \/><\/p>\n<p style=\"margin-left:0cm; margin-right:0cm; text-align:justify\"><span style=\"font-size:12pt\"><span style=\"font-family:&quot;Times New Roman&quot;,serif\"><span style=\"font-size:11.0pt\"><span style=\"font-family:&quot;Verdana&quot;,&quot;sans-serif&quot;\"><span style=\"color:black\">El vicepresident de la Fundaci\u00f3 MARQ i diputat de Cultura de la Diputaci\u00f3 d&#039;Alacant, <strong>C\u00e8sar Augusto Asencio<\/strong>, ha fet p\u00fablic el perm\u00eds atorgat per les autoritats iranianes perqu\u00e8 una mostra del seu patrimoni nacional s&#039;exhibeixi a Alacant.<\/span><\/span><\/span><\/span><\/span><\/p>\n<p style=\"margin-left:0cm; margin-right:0cm; text-align:justify\"><span style=\"font-size:12pt\"><span style=\"font-family:&quot;Times New Roman&quot;,serif\"><span style=\"font-size:11.0pt\"><span style=\"font-family:&quot;Verdana&quot;,&quot;sans-serif&quot;\"><span style=\"color:black\">El MNI, Museu Nacional de l&#039;Iran amb seu a Teheran, <\/span><\/span><\/span><\/span><\/span><a href=\"https:\/\/www.king-watches.cn\/\" target=\"_blank\" rel=\"noopener\">best replica watches<\/a> <span style=\"font-size:12pt\"><span style=\"font-family:&quot;Times New Roman&quot;,serif\"><span style=\"font-size:11.0pt\"><span style=\"font-family:&quot;Verdana&quot;,&quot;sans-serif&quot;\"><span style=\"color:black\">ha resolt satisfact\u00f2riament els tr\u00e0mits administratius amb el govern irani\u00e0 i ha obtingut els permisos necessaris per exposar al MARQ &#039;Iran. Bressol de Civilitzacions&#039;, a partir del proper mes de mar\u00e7. \u201cSi tot avan\u00e7a segons el previst, aquesta setmana es formalitzar\u00e0 la signatura del contracte de cessi\u00f3 de peces entre els dos centres, tal com han confirmat oficialment les representacions diplom\u00e0tiques dels dos pa\u00efsos, que estan col\u00b7laborant des de fa mesos amb l&#039;equip t\u00e8cnic del MARQ de manera intensa\u201d, ha puntualitzat Asencio. El diputat ha destacat la import\u00e0ncia de la not\u00edcia per a Alacant, \u201cja que el MARQ \u00e9s l&#039;\u00fanic museu espanyol que albergar\u00e0 aquesta extraordin\u00e0ria col\u00b7lecci\u00f3 d&#039;objectes procedents de la cultura material de l&#039;Iran, des de la primera pres\u00e8ncia humana fins al segle XVIII, custodiats al Museu Nacional de Teheran, despr\u00e9s d&#039;haver visitat ja els museus europeus de Bonn (Alemanya) i Assen (Holanda)\u201d.&nbsp; <\/span><\/span><\/span><\/span><\/span><\/p>\n<p style=\"margin-left:0cm; margin-right:0cm; text-align:justify\"><span style=\"font-size:12pt\"><span style=\"background-color:white\"><span style=\"font-family:&quot;Times New Roman&quot;,serif\"><span style=\"font-size:11.0pt\"><span style=\"font-family:&quot;Verdana&quot;,&quot;sans-serif&quot;\"><span style=\"color:black\">El passat mes de novembre, el Director General del Centre Irani\u00e0 per a Assumptes de Museus,<\/span><\/span><\/span><\/span><\/span><\/span><span style=\"font-size:12pt\"><span style=\"background-color:white\"><span style=\"font-family:&quot;Times New Roman&quot;,serif\"><span style=\"font-size:11.0pt\"><span style=\"font-family:&quot;Verdana&quot;,&quot;sans-serif&quot;\"><span style=\"color:black\">&nbsp;<strong>Mohammadreza Karegar<\/strong>, i el conseller cultural de l&#039;Ambaixada d&#039;Iran a Espanya, <strong>Alireza Esmaeili<\/strong>, van visitar les instal\u00b7lacions del MARQ, donant aix\u00ed el vistiplau per acollir aquesta impressionant exposici\u00f3 internacional que compta amb prop de dues-centes peces d&#039;alt valor, vint d&#039;elles d&#039;or. L&#039;exposici\u00f3 es podr\u00e0 visitar del 14 de mar\u00e7 a l&#039;1 de setembre d&#039;aquest any i far\u00e0 un recorregut per la hist\u00f2ria de l&#039;Iran, des de la primera pres\u00e8ncia humana a la zona, fa uns 300.000 anys fins a la islamitzaci\u00f3 al segle XVIII de la nostra Era .<\/span><\/span><\/span><\/span><\/span><\/span><\/p>\n<p style=\"margin-left:0cm; margin-right:0cm; text-align:justify\"><span style=\"font-size:12pt\"><span style=\"background-color:white\"><span style=\"font-family:&quot;Times New Roman&quot;,serif\"><span style=\"font-size:11.0pt\"><span style=\"font-family:&quot;Verdana&quot;,&quot;sans-serif&quot;\"><span style=\"color:black\">Aquest projecte cultural, cridat a ser l&#039;exposici\u00f3 de l&#039;any a Alacant, posa de manifest la professionalitat i la qualificaci\u00f3 dels equips t\u00e8cnics del MARQ, immersos des de fa mesos en la planificaci\u00f3 i preparaci\u00f3 dels procediments administratius, contractes i altres acords necessaris per fer realitat la mostra.<\/span><\/span><\/span><\/span><\/span><\/span><\/p>\n<p style=\"margin-left:0cm; margin-right:0cm; text-align:justify\"><span style=\"font-size:12pt\"><span style=\"background-color:white\"><span style=\"font-family:&quot;Times New Roman&quot;,serif\"><span style=\"font-size:11.0pt\"><span style=\"font-family:&quot;Verdana&quot;,&quot;sans-serif&quot;\"><span style=\"color:black\">&#039;Iran. Bressol de Civilitzacions&#039; es presentar\u00e0 als mitjans a l&#039;estand de Costa Blanca a FITUR amb la <a href=\"http:\/\/www.bonuswelt24.com\" target=\"_blank\" rel=\"noopener\">bedava bonus<\/a> pres\u00e8ncia confirmada del vicepresident de la Rep\u00fablica Isl\u00e0mica de l&#039;Iran i president de l&#039;Organitzaci\u00f3 del Patrimoni Cultural, Artesania i Turisme de l&#039;Iran, <strong>Ali Asghar Moonesan<\/strong>, i del nou Ambaixador d&#039;Iran a Espanya, <strong>Hassan Ghashghavi<\/strong>. <\/span><\/span><\/span><\/span><\/span><\/span><\/p>\n<p style=\"margin-left:0cm; margin-right:0cm; text-align:justify\">&nbsp;<\/p>\n<p>&nbsp;<\/p>","protected":false},"excerpt":{"rendered":"<p>&nbsp; El vicepresidente de la Fundaci&oacute;n MARQ y diputado de Cultura de la Diputaci&oacute;n de<span class=\"excerpt-hellip\"> [\u2026]<\/span><\/p>\n","protected":false},"author":3,"featured_media":0,"comment_status":"open","ping_status":"open","sticky":false,"template":"","format":"standard","meta":{"kia_subtitle":"","footnotes":""},"categories":[],"tags":[],"class_list":["post-34225","post","type-post","status-publish","format-standard","hentry"],"meta_box":[],"_links":{"self":[{"href":"https:\/\/marqalicante-admin.qwair.com\/va\/wp-json\/wp\/v2\/posts\/34225","targetHints":{"allow":["GET"]}}],"collection":[{"href":"https:\/\/marqalicante-admin.qwair.com\/va\/wp-json\/wp\/v2\/posts"}],"about":[{"href":"https:\/\/marqalicante-admin.qwair.com\/va\/wp-json\/wp\/v2\/types\/post"}],"author":[{"embeddable":true,"href":"https:\/\/marqalicante-admin.qwair.com\/va\/wp-json\/wp\/v2\/users\/3"}],"replies":[{"embeddable":true,"href":"https:\/\/marqalicante-admin.qwair.com\/va\/wp-json\/wp\/v2\/comments?post=34225"}],"version-history":[{"count":0,"href":"https:\/\/marqalicante-admin.qwair.com\/va\/wp-json\/wp\/v2\/posts\/34225\/revisions"}],"wp:attachment":[{"href":"https:\/\/marqalicante-admin.qwair.com\/va\/wp-json\/wp\/v2\/media?parent=34225"}],"wp:term":[{"taxonomy":"category","embeddable":true,"href":"https:\/\/marqalicante-admin.qwair.com\/va\/wp-json\/wp\/v2\/categories?post=34225"},{"taxonomy":"post_tag","embeddable":true,"href":"https:\/\/marqalicante-admin.qwair.com\/va\/wp-json\/wp\/v2\/tags?post=34225"}],"curies":[{"name":"wp","href":"https:\/\/api.w.org\/{rel}","templated":true}]}}