{"id":34220,"date":"2018-12-28T18:33:05","date_gmt":"2018-12-28T18:33:05","guid":{"rendered":"https:\/\/marqalicante-admin.qwair.com\/2018\/12\/28\/la-navidad-se-disfruta-aprendiendo-en-el-marq\/"},"modified":"2018-12-28T18:33:05","modified_gmt":"2018-12-28T18:33:05","slug":"la-navidad-se-disfruta-aprendiendo-en-el-marq","status":"publish","type":"post","link":"https:\/\/marqalicante-admin.qwair.com\/va\/la-navidad-se-disfruta-aprendiendo-en-el-marq\/","title":{"rendered":"El Nadal es gaudeix aprenent al MARQ"},"content":{"rendered":"<p>Les vacances de Nadal s\u00f3n una \u00e8poca molt especial per a tots els que fem el MARQ, s\u00f3n uns dies en qu\u00e8 molts estudiants que han passat per les nostres sales en una visita concertada pels seus centres escolars i tamb\u00e9 molt\u00edssims nens d&#039;Alacant i d&#039;altres que vivint fora d&#039;aqu\u00ed ens visiten aquests dies, acudeixen al MARQ a divertir-se ia aprendre una mica m\u00e9s sobre la nostra hist\u00f2ria i la riquesa del nostre patrimoni.<\/p>\n<p>Aquesta setmana, m\u00e9s de 400 nens han participat en les activitats programades pel Departament de Did\u00e0ctica de la Fundaci\u00f3 MARQ i encara queden moltes sorpreses per als primers dies del 2019, totes relacionades amb la tem\u00e0tica nadalenca i l&#039;exposici\u00f3 temporal <em>Plastihist\u00f2ria de la Humanitat.<\/em><\/p>\n<p>Dimecres 2 de gener, a les 10.30h hi haur\u00e0 una visita animada a Plastihistoria, a les 11.15h un fant\u00e0stic joc de gimcana ia partir de les 12h, els nens posaran a prova les seves habilitats manuals amb un taller de Ninots de Neu. El dijous 3 de gener, despr\u00e9s de la visita i la gincana, s&#039;impartir\u00e0 un taller de Reis Mags. Totes les activitats s\u00f3n gratu\u00eftes, per participar-hi nom\u00e9s cal inscriure&#039;s a les taquilles del museu, el mateix dia de l&#039;activitat, a partir de les 10h. Com a mostra de solidaritat amb els menys afortunats, es demana a les fam\u00edlies que col\u00b7laborin amb un quilo de qualsevol aliment no perible, que anir\u00e0 destinat al Banc d&#039;Aliments d&#039;Alacant. &nbsp;<\/p>","protected":false},"excerpt":{"rendered":"<p>Las vacaciones de Navidad son una &eacute;poca muy especial para todos los que hacemos el<span class=\"excerpt-hellip\"> [\u2026]<\/span><\/p>\n","protected":false},"author":3,"featured_media":0,"comment_status":"open","ping_status":"open","sticky":false,"template":"","format":"standard","meta":{"kia_subtitle":"","footnotes":""},"categories":[],"tags":[],"class_list":["post-34220","post","type-post","status-publish","format-standard","hentry"],"meta_box":[],"_links":{"self":[{"href":"https:\/\/marqalicante-admin.qwair.com\/va\/wp-json\/wp\/v2\/posts\/34220","targetHints":{"allow":["GET"]}}],"collection":[{"href":"https:\/\/marqalicante-admin.qwair.com\/va\/wp-json\/wp\/v2\/posts"}],"about":[{"href":"https:\/\/marqalicante-admin.qwair.com\/va\/wp-json\/wp\/v2\/types\/post"}],"author":[{"embeddable":true,"href":"https:\/\/marqalicante-admin.qwair.com\/va\/wp-json\/wp\/v2\/users\/3"}],"replies":[{"embeddable":true,"href":"https:\/\/marqalicante-admin.qwair.com\/va\/wp-json\/wp\/v2\/comments?post=34220"}],"version-history":[{"count":0,"href":"https:\/\/marqalicante-admin.qwair.com\/va\/wp-json\/wp\/v2\/posts\/34220\/revisions"}],"wp:attachment":[{"href":"https:\/\/marqalicante-admin.qwair.com\/va\/wp-json\/wp\/v2\/media?parent=34220"}],"wp:term":[{"taxonomy":"category","embeddable":true,"href":"https:\/\/marqalicante-admin.qwair.com\/va\/wp-json\/wp\/v2\/categories?post=34220"},{"taxonomy":"post_tag","embeddable":true,"href":"https:\/\/marqalicante-admin.qwair.com\/va\/wp-json\/wp\/v2\/tags?post=34220"}],"curies":[{"name":"wp","href":"https:\/\/api.w.org\/{rel}","templated":true}]}}