{"id":34218,"date":"2018-12-17T14:32:43","date_gmt":"2018-12-17T14:32:43","guid":{"rendered":"https:\/\/marqalicante-admin.qwair.com\/2018\/12\/17\/los-romanos-toman-lucentum\/"},"modified":"2018-12-17T14:32:43","modified_gmt":"2018-12-17T14:32:43","slug":"los-romanos-toman-lucentum","status":"publish","type":"post","link":"https:\/\/marqalicante-admin.qwair.com\/va\/los-romanos-toman-lucentum\/","title":{"rendered":"Els romans prenen Lucentum"},"content":{"rendered":"<p>&nbsp;<\/p>\n<p><img decoding=\"async\" alt=\"\" src=\"\/contenido\/genericas\/20181216_112610(1).jpg\" style=\"height:338px; width:450px\" \/><\/p>\n<p style=\"margin-left:0cm; margin-right:0cm; text-align:justify\"><span style=\"font-size:11pt\"><span style=\"font-family:&quot;Helvetica Neue&quot;,serif\"><span style=\"color:black\"><span style=\"font-size:12.0pt\"><span style=\"font-family:&quot;Trebuchet MS&quot;,&quot;sans-serif&quot;\">M\u00e9s de 250 persones van acompanyar Marco Pompilio Onix al seu funeral, celebrat aquest cap de setmana al Tossal de Manises, a la tercera edici\u00f3 de la Recreacions Hist\u00f2riques de <em>Lucentum<\/em>. Unes jornades en qu\u00e8 el bon temps ha propiciat que brillessin les cerim\u00f2nies del despertar del magistrat, la mort i cremaci\u00f3 del llibert i la lluita de gladiadors, totes interpretades pels membres d&#039;Hisp\u00e0nia Romana i en qu\u00e8 han participat tamb\u00e9 de forma molt animada els assistents a aquest reviure de l&#039;Alacant romana. Una representaci\u00f3 teatralitzada, amena i alhora molt rigorosa, adaptada al p\u00fablic familiar interessat a con\u00e8ixer una mica m\u00e9s la hist\u00f2ria de la nostra terra.<\/span><\/span><\/span><\/span><\/span><\/p>","protected":false},"excerpt":{"rendered":"<p>&nbsp; M&aacute;s de 250 personas acompa&ntilde;aron a Marco Pompilio Onix en su funeral, celebrado este<span class=\"excerpt-hellip\"> [\u2026]<\/span><\/p>\n","protected":false},"author":3,"featured_media":0,"comment_status":"open","ping_status":"open","sticky":false,"template":"","format":"standard","meta":{"kia_subtitle":"","footnotes":""},"categories":[],"tags":[],"class_list":["post-34218","post","type-post","status-publish","format-standard","hentry"],"meta_box":[],"_links":{"self":[{"href":"https:\/\/marqalicante-admin.qwair.com\/va\/wp-json\/wp\/v2\/posts\/34218","targetHints":{"allow":["GET"]}}],"collection":[{"href":"https:\/\/marqalicante-admin.qwair.com\/va\/wp-json\/wp\/v2\/posts"}],"about":[{"href":"https:\/\/marqalicante-admin.qwair.com\/va\/wp-json\/wp\/v2\/types\/post"}],"author":[{"embeddable":true,"href":"https:\/\/marqalicante-admin.qwair.com\/va\/wp-json\/wp\/v2\/users\/3"}],"replies":[{"embeddable":true,"href":"https:\/\/marqalicante-admin.qwair.com\/va\/wp-json\/wp\/v2\/comments?post=34218"}],"version-history":[{"count":0,"href":"https:\/\/marqalicante-admin.qwair.com\/va\/wp-json\/wp\/v2\/posts\/34218\/revisions"}],"wp:attachment":[{"href":"https:\/\/marqalicante-admin.qwair.com\/va\/wp-json\/wp\/v2\/media?parent=34218"}],"wp:term":[{"taxonomy":"category","embeddable":true,"href":"https:\/\/marqalicante-admin.qwair.com\/va\/wp-json\/wp\/v2\/categories?post=34218"},{"taxonomy":"post_tag","embeddable":true,"href":"https:\/\/marqalicante-admin.qwair.com\/va\/wp-json\/wp\/v2\/tags?post=34218"}],"curies":[{"name":"wp","href":"https:\/\/api.w.org\/{rel}","templated":true}]}}