{"id":34208,"date":"2018-12-01T19:44:00","date_gmt":"2018-12-01T19:44:00","guid":{"rendered":"https:\/\/marqalicante-admin.qwair.com\/2018\/12\/01\/el-doctor-en-historia-y-arqueologo-julian-martinez-garcia-y-el-director-general-de-bienes-culturales-y-museos-de-la-junta-de-andalucia-marcelino-sanchez-ruiz-visitan-el-marq-y-la-exposicion-temporal\/"},"modified":"2018-12-01T19:44:00","modified_gmt":"2018-12-01T19:44:00","slug":"el-doctor-en-historia-y-arqueologo-julian-martinez-garcia-y-el-director-general-de-bienes-culturales-y-museos-de-la-junta-de-andalucia-marcelino-sanchez-ruiz-visitan-el-marq-y-la-exposicion-temporal","status":"publish","type":"post","link":"https:\/\/marqalicante-admin.qwair.com\/va\/el-doctor-en-historia-y-arqueologo-julian-martinez-garcia-y-el-director-general-de-bienes-culturales-y-museos-de-la-junta-de-andalucia-marcelino-sanchez-ruiz-visitan-el-marq-y-la-exposicion-temporal\/","title":{"rendered":"El doctor en Hist\u00f2ria i arque\u00f2leg Juli\u00e1n Mart\u00ednez Garc\u00eda i el director general de B\u00e9ns Culturals i Museus de la Junta d&#039;Andalusia, Marcelino S\u00e1nchez Ruiz, visiten el MARQ i l&#039;Exposici\u00f3 Temporal RUPESTRE."},"content":{"rendered":"<p style=\"text-align:justify\">&nbsp;<img decoding=\"async\" alt=\"\" src=\"\/contenido\/genericas\/andalicua.png\" style=\"height:607px; width:849px\" \/><\/p>\n<p style=\"margin-left:0cm; margin-right:0cm; text-align:justify\"><span style=\"font-size:12pt\"><span style=\"font-family:&quot;Times New Roman&quot;,serif\">El doctor en Hist\u00f2ria i arque\u00f2leg Juli\u00e1n Mart\u00ednez Garc\u00eda i el director general de B\u00e9ns Culturals i Museus de la Junta d&#039;Andalusia, Marcelino S\u00e1nchez Ruiz, visiten el MARQ i l&#039;Exposici\u00f3 Temporal RUPESTRE de la m\u00e0 de dos dels seus comissaris els Drs. Virginia Barciela i Jorge Soler.&nbsp;<\/span><\/span><\/p>\n<p style=\"margin-left:0cm; margin-right:0cm; text-align:justify\"><span style=\"font-size:12pt\"><span style=\"font-family:&quot;Times New Roman&quot;,serif\">RUPESTRE, \u00e9s l&#039;Exposici\u00f3 Central del 2018 al MARQ, amb qu\u00e8 el museu alacant\u00ed ret homenatge a 40 anys de recerca al nostre Primer Art, en feli\u00e7 coincid\u00e8ncia amb el 20\u00e8 Aniversari de la Declaraci\u00f3 per la UNESCO de Patrimoni de la Humanitat, el proper 5 de Desembre. Mostra en qu\u00e8 han col\u00b7laborat 19 museus del nostre pa\u00eds amb peces tan destacades com el Vas Neol\u00edtic de la Cova de l&#039;Or de Beniarr\u00e9s o la Plaqueta del Parpall\u00f3 de refer\u00e8ncia internacional, que comparteixen vitrina amb els calcs originals de les pintures dels abrics, coves i jaciments alacantins m\u00e9s destacats cedits pel Centre Que conviuen amb l&#039;Art Contemporani de Miquel Barcel\u00f3 en una traject\u00f2ria intencionada a l&#039;expressi\u00f3 pl\u00e0stica de l&#039;home al llarg de la hist\u00f2ria des dels seus or\u00edgens a l&#039;actualitat. Amb un disseny expositiu espectacular obra dels arquitectes Rafael P\u00e9rez i \u00c1ngel Rocamora. Constituint l&#039;esdeveniment expositiu m\u00e9s rellevant de la nostra prov\u00edncia el 2018, del qual han gaudit m\u00e9s de 80.000 persones des que obr\u00eds les portes el 5 de juliol passat.<\/span><\/span><\/p>\n<p style=\"margin-left:0cm; margin-right:0cm; text-align:justify\"><span style=\"font-size:12pt\"><span style=\"font-family:&quot;Times New Roman&quot;,serif\">Dotada amb recursos daccessibilitat aptes per a tot tipus de p\u00fablics, visites guiades, teatralitzades i inclusives. Amb un Cat\u00e0leg compendi de 40 anys de recerca d\u00b4alt rigor cient\u00edfic i acad\u00e8mic; una Guia Did\u00e0ctica i material formatiu per a escolars i una altra per al Professorat amb qu\u00e8 treballar tant a Sales com a les Aules, m\u00e9s enll\u00e0 de la finalitzaci\u00f3 de RUPESTRE el proper 5 de Gener de 2019.<\/span><\/span><\/p>\n<p style=\"margin-left:0cm; margin-right:0cm; text-align:center\"><img decoding=\"async\" alt=\"\" src=\"\/contenido\/genericas\/IMG_5635(1).JPG\" style=\"height:252px; width:448px\" \/><\/p>\n<p style=\"margin-left:0cm; margin-right:0cm; text-align:center\"><a href=\"https:\/\/www.trustytimewatch.com\/\" target=\"_blank\" rel=\"noopener\">https:\/\/www.trustytimewatch.com<\/a><\/p>","protected":false},"excerpt":{"rendered":"<p>&nbsp; El doctor en Historia y arque&oacute;logo Juli&aacute;n Mart&iacute;nez Garc&iacute;a y el Director General de<span class=\"excerpt-hellip\"> [\u2026]<\/span><\/p>\n","protected":false},"author":3,"featured_media":0,"comment_status":"open","ping_status":"open","sticky":false,"template":"","format":"standard","meta":{"kia_subtitle":"","footnotes":""},"categories":[],"tags":[],"class_list":["post-34208","post","type-post","status-publish","format-standard","hentry"],"meta_box":[],"_links":{"self":[{"href":"https:\/\/marqalicante-admin.qwair.com\/va\/wp-json\/wp\/v2\/posts\/34208","targetHints":{"allow":["GET"]}}],"collection":[{"href":"https:\/\/marqalicante-admin.qwair.com\/va\/wp-json\/wp\/v2\/posts"}],"about":[{"href":"https:\/\/marqalicante-admin.qwair.com\/va\/wp-json\/wp\/v2\/types\/post"}],"author":[{"embeddable":true,"href":"https:\/\/marqalicante-admin.qwair.com\/va\/wp-json\/wp\/v2\/users\/3"}],"replies":[{"embeddable":true,"href":"https:\/\/marqalicante-admin.qwair.com\/va\/wp-json\/wp\/v2\/comments?post=34208"}],"version-history":[{"count":0,"href":"https:\/\/marqalicante-admin.qwair.com\/va\/wp-json\/wp\/v2\/posts\/34208\/revisions"}],"wp:attachment":[{"href":"https:\/\/marqalicante-admin.qwair.com\/va\/wp-json\/wp\/v2\/media?parent=34208"}],"wp:term":[{"taxonomy":"category","embeddable":true,"href":"https:\/\/marqalicante-admin.qwair.com\/va\/wp-json\/wp\/v2\/categories?post=34208"},{"taxonomy":"post_tag","embeddable":true,"href":"https:\/\/marqalicante-admin.qwair.com\/va\/wp-json\/wp\/v2\/tags?post=34208"}],"curies":[{"name":"wp","href":"https:\/\/api.w.org\/{rel}","templated":true}]}}