{"id":34206,"date":"2018-11-29T12:39:00","date_gmt":"2018-11-29T12:39:00","guid":{"rendered":"https:\/\/marqalicante-admin.qwair.com\/2018\/11\/29\/un-marq-para-todos\/"},"modified":"2018-11-29T12:39:00","modified_gmt":"2018-11-29T12:39:00","slug":"un-marq-para-todos","status":"publish","type":"post","link":"https:\/\/marqalicante-admin.qwair.com\/va\/un-marq-para-todos\/","title":{"rendered":"Un Marq per a TOTS"},"content":{"rendered":"<p><a href=\"https:\/\/www.hellorolex.so\/\" target=\"_blank\" rel=\"noopener\">swiss replica watches<\/a><\/p>\n<p style=\"text-align:center\"><img decoding=\"async\" alt=\"\" src=\"\/contenido\/genericas\/POSTER%20OKKK(1).jpg\" style=\"height:1125px; width:800px\" \/><\/p>\n<p style=\"margin-left:0cm; margin-right:0cm; text-align:justify\"><span style=\"font-size:11pt\"><span style=\"font-family:Calibri,sans-serif\"><span style=\"font-size:12pt\"><span style=\"font-family:&quot;Trebuchet MS&quot;,&quot;sans-serif&quot;\">Aquest cap de setmana tindr\u00e0 lloc al MARQ una de les celebracions que reflecteixen millor el seu esperit obert i el seu comprom\u00eds per l&#039;accessibilitat. I \u00e9s que obrim el Museu per commemorar el Dia Internacional de les Persones amb Discapacitat. Durant tres dies, des del divendres 30 de novembre fins al diumenge 2 de desembre, s&#039;han programat un total de catorze activitats en qu\u00e8 participaran l&#039;Associaci\u00f3 Alacantina S\u00edndrome de Dawn, ONCE Alacant, Diverfun, Associaci\u00f3 Asperger d&#039;Alacant ASPALI i Associaci\u00f3 d&#039;Oci per a discapacitats intel\u00b7lectuals AODI. La Unitat de Did\u00e0ctica i Accessibilitat de la Fundaci\u00f3 CV-MARQ ha dissenyat especialment per als membres d&#039;aquests col\u00b7lectius tallers de manualitats, visites guiades sensorials i en llengua de signes amb diversos jocs a trav\u00e9s de l&#039;exposici\u00f3 temporal <em>Rupestre. Els Primers Santuaris<\/em> i de <em>PlastiHist\u00f2ria de la Humanitat<\/em>, que es podran visitar al MARQ fins al proper 5 de gener proper. A m\u00e9s, algunes d&#039;aquestes activitats tamb\u00e9 estan obertes al p\u00fablic en general, que de manera gratu\u00efta i pr\u00e8via inscripci\u00f3, podran gaudir d&#039;una experi\u00e8ncia inoblidable.<\/span><\/span><\/span><\/span><\/p>\n<p style=\"margin-left:0cm; margin-right:0cm; text-align:justify\"><span style=\"font-size:11pt\"><span style=\"font-family:Calibri,sans-serif\"><span style=\"font-size:12pt\"><span style=\"font-family:&quot;Trebuchet MS&quot;,&quot;sans-serif&quot;\">M\u00e9s informaci\u00f3 i horaris a <\/span><\/span><a href=\"http:\/\/marqalicante-classic-admin.qwair.com\" target=\"_blank\" rel=\"noopener\"><span style=\"font-size:12pt\"><span style=\"font-family:&quot;Trebuchet MS&quot;,&quot;sans-serif&quot;\">marqalicante-classic-admin.qwair.com<\/span><\/span><\/a><\/span><\/span><\/p>","protected":false},"excerpt":{"rendered":"<p>swiss replica watches Este fin de semana tendr&aacute; lugar en el MARQ una de las<span class=\"excerpt-hellip\"> [\u2026]<\/span><\/p>\n","protected":false},"author":3,"featured_media":0,"comment_status":"open","ping_status":"open","sticky":false,"template":"","format":"standard","meta":{"kia_subtitle":"","footnotes":""},"categories":[],"tags":[],"class_list":["post-34206","post","type-post","status-publish","format-standard","hentry"],"meta_box":[],"_links":{"self":[{"href":"https:\/\/marqalicante-admin.qwair.com\/va\/wp-json\/wp\/v2\/posts\/34206","targetHints":{"allow":["GET"]}}],"collection":[{"href":"https:\/\/marqalicante-admin.qwair.com\/va\/wp-json\/wp\/v2\/posts"}],"about":[{"href":"https:\/\/marqalicante-admin.qwair.com\/va\/wp-json\/wp\/v2\/types\/post"}],"author":[{"embeddable":true,"href":"https:\/\/marqalicante-admin.qwair.com\/va\/wp-json\/wp\/v2\/users\/3"}],"replies":[{"embeddable":true,"href":"https:\/\/marqalicante-admin.qwair.com\/va\/wp-json\/wp\/v2\/comments?post=34206"}],"version-history":[{"count":0,"href":"https:\/\/marqalicante-admin.qwair.com\/va\/wp-json\/wp\/v2\/posts\/34206\/revisions"}],"wp:attachment":[{"href":"https:\/\/marqalicante-admin.qwair.com\/va\/wp-json\/wp\/v2\/media?parent=34206"}],"wp:term":[{"taxonomy":"category","embeddable":true,"href":"https:\/\/marqalicante-admin.qwair.com\/va\/wp-json\/wp\/v2\/categories?post=34206"},{"taxonomy":"post_tag","embeddable":true,"href":"https:\/\/marqalicante-admin.qwair.com\/va\/wp-json\/wp\/v2\/tags?post=34206"}],"curies":[{"name":"wp","href":"https:\/\/api.w.org\/{rel}","templated":true}]}}