{"id":34201,"date":"2018-11-16T10:12:12","date_gmt":"2018-11-16T10:12:12","guid":{"rendered":"https:\/\/marqalicante-admin.qwair.com\/2018\/11\/16\/el-marq-premio-alfil-institucion\/"},"modified":"2018-11-16T10:12:12","modified_gmt":"2018-11-16T10:12:12","slug":"el-marq-premio-alfil-institucion","status":"publish","type":"post","link":"https:\/\/marqalicante-admin.qwair.com\/va\/el-marq-premio-alfil-institucion\/","title":{"rendered":"El MARQ, premi Alfil Instituci\u00f3"},"content":{"rendered":"<p>&nbsp;<img decoding=\"async\" alt=\"\" src=\"\/contenido\/genericas\/78946651(1).jpg\" style=\"height:336px; width:448px\" \/><\/p>\n<p style=\"margin-left:0cm; margin-right:0cm; text-align:justify\"><span style=\"font-size:11pt\"><span style=\"font-family:Calibri,sans-serif\"><span style=\"font-size:12.0pt\"><span style=\"font-family:&quot;Trebuchet MS&quot;,&quot;sans-serif&quot;\">L&#039;ADDA va acollir ahir a la nit la gala de lliurament dels Premis Alfil 2018, una cerim\u00f2nia on l&#039;Associaci\u00f3 del Terciari Avan\u00e7at va voler recon\u00e8ixer la tasca i l&#039;esfor\u00e7 innovador de diferents entitats, empreses, institucions i persones que han destacat especialment durant aquest any. Entre ells hi havia el MARQ, la Fundaci\u00f3 del qual, dirigeix Jos\u00e9 Alberto Cort\u00e9s, ha estat mereixedora de l&#039;Alfil Instituci\u00f3, com a reconeixement a la traject\u00f2ria desenvolupada en els serveis d&#039;atenci\u00f3 al visitant fins a obtenir la Q de Qualitat Tur\u00edstica, sent el primer museu espanyol a assolir aquesta certificaci\u00f3 a la UNE 302002. L&#039;Alfil va ser recollit pel vicepresident la que tamb\u00e9 va assistir el director t\u00e8cnic del museu, Manuel Olcina. <\/span><\/span><\/span><\/span><\/p>\n<p style=\"margin-left:0cm; margin-right:0cm; text-align:justify\"><span style=\"font-size:11pt\"><span style=\"font-family:Calibri,sans-serif\"><span style=\"font-size:12.0pt\"><span style=\"font-family:&quot;Trebuchet MS&quot;,&quot;sans-serif&quot;\">Una nit molt especial, aquesta sisena edici\u00f3 de les Alfil, ja que Terciari Avan\u00e7at ha apostat per recuperar els premis a l&#039;any en qu\u00e8 commemora el seu XX aniversari. L&#039;\u00faltima vegada que es van lliurar aquests guardons va ser el 2011.<\/span><\/span><\/span><\/span><\/p>\n<p style=\"margin-left:0cm; margin-right:0cm; text-align:justify\">&nbsp;<\/p>","protected":false},"excerpt":{"rendered":"<p>&nbsp; El ADDA acogi&oacute; anoche la gala de entrega de los Premios Alfil 2018, una<span class=\"excerpt-hellip\"> [\u2026]<\/span><\/p>\n","protected":false},"author":3,"featured_media":0,"comment_status":"open","ping_status":"open","sticky":false,"template":"","format":"standard","meta":{"kia_subtitle":"","footnotes":""},"categories":[],"tags":[],"class_list":["post-34201","post","type-post","status-publish","format-standard","hentry"],"meta_box":[],"_links":{"self":[{"href":"https:\/\/marqalicante-admin.qwair.com\/va\/wp-json\/wp\/v2\/posts\/34201","targetHints":{"allow":["GET"]}}],"collection":[{"href":"https:\/\/marqalicante-admin.qwair.com\/va\/wp-json\/wp\/v2\/posts"}],"about":[{"href":"https:\/\/marqalicante-admin.qwair.com\/va\/wp-json\/wp\/v2\/types\/post"}],"author":[{"embeddable":true,"href":"https:\/\/marqalicante-admin.qwair.com\/va\/wp-json\/wp\/v2\/users\/3"}],"replies":[{"embeddable":true,"href":"https:\/\/marqalicante-admin.qwair.com\/va\/wp-json\/wp\/v2\/comments?post=34201"}],"version-history":[{"count":0,"href":"https:\/\/marqalicante-admin.qwair.com\/va\/wp-json\/wp\/v2\/posts\/34201\/revisions"}],"wp:attachment":[{"href":"https:\/\/marqalicante-admin.qwair.com\/va\/wp-json\/wp\/v2\/media?parent=34201"}],"wp:term":[{"taxonomy":"category","embeddable":true,"href":"https:\/\/marqalicante-admin.qwair.com\/va\/wp-json\/wp\/v2\/categories?post=34201"},{"taxonomy":"post_tag","embeddable":true,"href":"https:\/\/marqalicante-admin.qwair.com\/va\/wp-json\/wp\/v2\/tags?post=34201"}],"curies":[{"name":"wp","href":"https:\/\/api.w.org\/{rel}","templated":true}]}}