{"id":34189,"date":"2018-10-31T14:26:04","date_gmt":"2018-10-31T14:26:04","guid":{"rendered":"https:\/\/marqalicante-admin.qwair.com\/2018\/10\/31\/estudiantes-de-arquitectura-de-murcia-descubren-los-entresijos-de-rupestre\/"},"modified":"2018-10-31T14:26:04","modified_gmt":"2018-10-31T14:26:04","slug":"estudiantes-de-arquitectura-de-murcia-descubren-los-entresijos-de-rupestre","status":"publish","type":"post","link":"https:\/\/marqalicante-admin.qwair.com\/va\/estudiantes-de-arquitectura-de-murcia-descubren-los-entresijos-de-rupestre\/","title":{"rendered":"Estudiants d&#039;Arquitectura de M\u00farcia descobreixen els secrets de Rupestre"},"content":{"rendered":"<p style=\"margin-left:0cm; margin-right:0cm; text-align:center\"><img decoding=\"async\" alt=\"\" src=\"\/contenido\/genericas\/curso%20universidad%20cartagena.jpg\" style=\"height:263px; width:350px\" \/><\/p>\n<p style=\"margin-left:0cm; margin-right:0cm; text-align:justify\"><span style=\"font-size:11pt\"><span style=\"font-family:Calibri,sans-serif\"><span style=\"font-size:12.0pt\"><span style=\"font-family:&quot;Trebuchet MS&quot;,&quot;sans-serif&quot;\">Una vintena d&#039;alumnes del darrer curs de Grau d&#039;Arquitectura de la Universitat Cat\u00f2lica de M\u00farcia han acudit aquest mat\u00ed al MARQ per rebre una aut\u00e8ntica classe magistral impartida per Rafael P\u00e9rez, Director de l&#039;\u00c0rea d&#039;Arquitectura de la Diputaci\u00f3 d&#039;Alacant, i per \u00c0ngel Rocamora, de Rocamora Arquitectura, coautors del projecte museogr\u00e0fic de l&#039;exposici\u00f3 <em>Rupestre. Els Primers Santuaris<\/em>, que es pot visitar al MARQ fins al proper 5 de gener. El grup ha estat rebut pel director gerent de la Fundaci\u00f3 CV-MARQ, Jos\u00e9 Alberto Cort\u00e9s, que els ha explicat breument la hist\u00f2ria del museu i la transformaci\u00f3 de l&#039;edifici des que va ser l&#039;antic Hospital Provincial fins a esdevenir l&#039;actual seu del Museu Arqueol\u00f2gic d&#039;Alacant.<\/span><\/span><\/span><\/span><\/p>\n<p style=\"margin-left:0cm; margin-right:0cm; text-align:justify\"><span style=\"font-size:11pt\"><span style=\"font-family:Calibri,sans-serif\"><span style=\"font-size:12.0pt\"><span style=\"font-family:&quot;Trebuchet MS&quot;,&quot;sans-serif&quot;\">Els estudiants estan ara mateix immersos en el Projecte Final de Grau i han gaudit amb els detalls t\u00e8cnics desvetllats pels professionals responsables del projecte expositiu d&#039;aquesta fascinant mostra, des dels primers esbossos, passant per les maquetes i les estructures necess\u00e0ries per al muntatge, a la posada en sala. Despr\u00e9s d&#039;atendre les explicacions te\u00f2riques, els futurs arquitectes han visitat <em>Rupestre. <\/em><\/span><\/span><\/span><\/span><\/p>","protected":false},"excerpt":{"rendered":"<p>Una veintena de alumnos del &uacute;ltimo curso de Grado de Arquitectura de la Universidad Cat&oacute;lica<span class=\"excerpt-hellip\"> [\u2026]<\/span><\/p>\n","protected":false},"author":3,"featured_media":0,"comment_status":"open","ping_status":"open","sticky":false,"template":"","format":"standard","meta":{"kia_subtitle":"","footnotes":""},"categories":[],"tags":[],"class_list":["post-34189","post","type-post","status-publish","format-standard","hentry"],"meta_box":[],"_links":{"self":[{"href":"https:\/\/marqalicante-admin.qwair.com\/va\/wp-json\/wp\/v2\/posts\/34189","targetHints":{"allow":["GET"]}}],"collection":[{"href":"https:\/\/marqalicante-admin.qwair.com\/va\/wp-json\/wp\/v2\/posts"}],"about":[{"href":"https:\/\/marqalicante-admin.qwair.com\/va\/wp-json\/wp\/v2\/types\/post"}],"author":[{"embeddable":true,"href":"https:\/\/marqalicante-admin.qwair.com\/va\/wp-json\/wp\/v2\/users\/3"}],"replies":[{"embeddable":true,"href":"https:\/\/marqalicante-admin.qwair.com\/va\/wp-json\/wp\/v2\/comments?post=34189"}],"version-history":[{"count":0,"href":"https:\/\/marqalicante-admin.qwair.com\/va\/wp-json\/wp\/v2\/posts\/34189\/revisions"}],"wp:attachment":[{"href":"https:\/\/marqalicante-admin.qwair.com\/va\/wp-json\/wp\/v2\/media?parent=34189"}],"wp:term":[{"taxonomy":"category","embeddable":true,"href":"https:\/\/marqalicante-admin.qwair.com\/va\/wp-json\/wp\/v2\/categories?post=34189"},{"taxonomy":"post_tag","embeddable":true,"href":"https:\/\/marqalicante-admin.qwair.com\/va\/wp-json\/wp\/v2\/tags?post=34189"}],"curies":[{"name":"wp","href":"https:\/\/api.w.org\/{rel}","templated":true}]}}