{"id":34186,"date":"2018-10-26T10:13:03","date_gmt":"2018-10-26T10:13:03","guid":{"rendered":"https:\/\/marqalicante-admin.qwair.com\/2018\/10\/26\/el-marq-participa-en-las-jornadas-de-numismatica-de-benaguasil\/"},"modified":"2018-10-26T10:13:03","modified_gmt":"2018-10-26T10:13:03","slug":"el-marq-participa-en-las-jornadas-de-numismatica-de-benaguasil","status":"publish","type":"post","link":"https:\/\/marqalicante-admin.qwair.com\/va\/el-marq-participa-en-las-jornadas-de-numismatica-de-benaguasil\/","title":{"rendered":"El MARQ participa a les Jornades de Numism\u00e0tica de Benaguasil"},"content":{"rendered":"<p style=\"margin-left:0cm; margin-right:0cm; text-align:center\"><img decoding=\"async\" alt=\"\" src=\"\/contenido\/genericas\/julio(3).jpg\" style=\"height:298px; width:448px\" \/><\/p>\n<p style=\"margin-left:0cm; margin-right:0cm; text-align:justify\">&nbsp;<\/p>\n<p style=\"margin-left:0cm; margin-right:0cm; text-align:justify\"><span style=\"font-size:11pt\"><span style=\"font-family:Calibri,sans-serif\"><span style=\"font-size:12.0pt\"><span style=\"font-family:&quot;Trebuchet MS&quot;,&quot;sans-serif&quot;\">Avui divendres, l&#039;arque\u00f2leg del MARQ i especialista en Numism\u00e0tica Julio J. Ram\u00f3n S\u00e1nchez, participar\u00e0 a les <em>Jornades de Numism\u00e0tica. Dues cares de la moneda. Diferents perspectives de la moneda i la gesti\u00f3 de la Numism\u00e0tica als museus<\/em>, que organitza el Museu Etnol\u00f2gic de Benaguasil durant els dies 26 i 27 d&#039;octubre. A les 19.40 hores, el nostre company Julio Ram\u00f3n impartir\u00e0 la pon\u00e8ncia &quot;La difusi\u00f3 del patrimoni numism\u00e0tic custodiat al MARQ d&#039;Alacant&quot;. M\u00e9s informaci\u00f3 a la web de l&#039;Ajuntament de Benaguasil <\/span><\/span><a href=\"http:\/\/www.ajuntamentbenaguasil.es\" target=\"_blank\" rel=\"noopener\"><span style=\"font-size:12.0pt\"><span style=\"font-family:&quot;Trebuchet MS&quot;,&quot;sans-serif&quot;\">www.ajuntamentbenaguasil.es<\/span><\/span><\/a><span style=\"font-size:12.0pt\"><span style=\"font-family:&quot;Trebuchet MS&quot;,&quot;sans-serif&quot;\"> oa <\/span><\/span><a href=\"mailto:juventud@benaguasil.com\"><span style=\"font-size:12.0pt\"><span style=\"font-family:&quot;Trebuchet MS&quot;,&quot;sans-serif&quot;\">juventud@benaguasil.com<\/span><\/span><\/a><span style=\"font-size:12.0pt\"><span style=\"font-family:&quot;Trebuchet MS&quot;,&quot;sans-serif&quot;\">. <\/span><\/span><\/span><\/span><\/p>","protected":false},"excerpt":{"rendered":"<p>&nbsp; Hoy viernes, el arque&oacute;logo del MARQ y especialista en Numism&aacute;tica Julio J. Ram&oacute;n S&aacute;nchez,<span class=\"excerpt-hellip\"> [\u2026]<\/span><\/p>\n","protected":false},"author":3,"featured_media":0,"comment_status":"open","ping_status":"open","sticky":false,"template":"","format":"standard","meta":{"kia_subtitle":"","footnotes":""},"categories":[],"tags":[],"class_list":["post-34186","post","type-post","status-publish","format-standard","hentry"],"meta_box":[],"_links":{"self":[{"href":"https:\/\/marqalicante-admin.qwair.com\/va\/wp-json\/wp\/v2\/posts\/34186","targetHints":{"allow":["GET"]}}],"collection":[{"href":"https:\/\/marqalicante-admin.qwair.com\/va\/wp-json\/wp\/v2\/posts"}],"about":[{"href":"https:\/\/marqalicante-admin.qwair.com\/va\/wp-json\/wp\/v2\/types\/post"}],"author":[{"embeddable":true,"href":"https:\/\/marqalicante-admin.qwair.com\/va\/wp-json\/wp\/v2\/users\/3"}],"replies":[{"embeddable":true,"href":"https:\/\/marqalicante-admin.qwair.com\/va\/wp-json\/wp\/v2\/comments?post=34186"}],"version-history":[{"count":0,"href":"https:\/\/marqalicante-admin.qwair.com\/va\/wp-json\/wp\/v2\/posts\/34186\/revisions"}],"wp:attachment":[{"href":"https:\/\/marqalicante-admin.qwair.com\/va\/wp-json\/wp\/v2\/media?parent=34186"}],"wp:term":[{"taxonomy":"category","embeddable":true,"href":"https:\/\/marqalicante-admin.qwair.com\/va\/wp-json\/wp\/v2\/categories?post=34186"},{"taxonomy":"post_tag","embeddable":true,"href":"https:\/\/marqalicante-admin.qwair.com\/va\/wp-json\/wp\/v2\/tags?post=34186"}],"curies":[{"name":"wp","href":"https:\/\/api.w.org\/{rel}","templated":true}]}}