{"id":34181,"date":"2018-10-16T11:55:02","date_gmt":"2018-10-16T11:55:02","guid":{"rendered":"https:\/\/marqalicante-admin.qwair.com\/2018\/10\/16\/un-premio-planeta-en-el-marq\/"},"modified":"2018-10-16T11:55:02","modified_gmt":"2018-10-16T11:55:02","slug":"un-premio-planeta-en-el-marq","status":"publish","type":"post","link":"https:\/\/marqalicante-admin.qwair.com\/va\/un-premio-planeta-en-el-marq\/","title":{"rendered":"Un Premi Planeta al MARQ"},"content":{"rendered":"<p>&nbsp;<img decoding=\"async\" alt=\"\" src=\"\/contenido\/genericas\/5841231231.jpg\" style=\"height:298px; width:448px\" \/><\/p>\n<p>&nbsp;<\/p>\n<p style=\"margin-left:0cm; margin-right:0cm; text-align:justify\"><span style=\"font-size:11pt\"><span style=\"font-family:Calibri,sans-serif\"><span style=\"font-size:12.0pt\"><span style=\"font-family:&quot;Trebuchet MS&quot;,&quot;sans-serif&quot;\">L\u00b4escriptor valenci\u00e0 Santiago Posteguillo s\u00b4ha al\u00e7at amb el guard\u00f3 literari m\u00e9s prestigi\u00f3s del m\u00f3n: el Premi Planeta. La novel\u00b7la guanyadora, <em>Jo, Julia<\/em> narra la hist\u00f2ria de Julia Domna, augusta de l&#039;Imperi Rom\u00e0, esposa de l&#039;emperador Septimio Severo, una f\u00e8rria dona que va aconseguir concentrar un poder mai aconseguit per cap altra emperadriu en un m\u00f3n d&#039;homes immersos en la lluita pel poder pol\u00edtic. <\/span><\/span><\/span><\/span><\/p>\n<p style=\"margin-left:0cm; margin-right:0cm; text-align:justify\"><span style=\"font-size:11pt\"><span style=\"font-family:Calibri,sans-serif\"><span style=\"font-size:12.0pt\"><span style=\"font-family:&quot;Trebuchet MS&quot;,&quot;sans-serif&quot;\">Com ha deixat plasmat a les seves novel\u00b7les, Posteguillo \u00e9s un gran apassionat de la hist\u00f2ria i de l&#039;arqueologia i ha visitat el MARQ diverses vegades. La darrera va ser el 2016, i va manifestar el seu inter\u00e8s a con\u00e8ixer al detall les depend\u00e8ncies t\u00e8cniques del Museu Arqueol\u00f2gic d&#039;Alacant, atenent les explicacions del director t\u00e8cnic del Museu, Manuel Olcina i del director gerent de la Fundaci\u00f3 MARQ, Jos\u00e9 Alberto Cort\u00e9s. <\/span><\/span><\/span><\/span><\/p>","protected":false},"excerpt":{"rendered":"<p>&nbsp; &nbsp; El escritor valenciano Santiago Posteguillo se ha alzado con el galard&oacute;n literario m&aacute;s<span class=\"excerpt-hellip\"> [\u2026]<\/span><\/p>\n","protected":false},"author":3,"featured_media":0,"comment_status":"open","ping_status":"open","sticky":false,"template":"","format":"standard","meta":{"kia_subtitle":"","footnotes":""},"categories":[],"tags":[],"class_list":["post-34181","post","type-post","status-publish","format-standard","hentry"],"meta_box":[],"_links":{"self":[{"href":"https:\/\/marqalicante-admin.qwair.com\/va\/wp-json\/wp\/v2\/posts\/34181","targetHints":{"allow":["GET"]}}],"collection":[{"href":"https:\/\/marqalicante-admin.qwair.com\/va\/wp-json\/wp\/v2\/posts"}],"about":[{"href":"https:\/\/marqalicante-admin.qwair.com\/va\/wp-json\/wp\/v2\/types\/post"}],"author":[{"embeddable":true,"href":"https:\/\/marqalicante-admin.qwair.com\/va\/wp-json\/wp\/v2\/users\/3"}],"replies":[{"embeddable":true,"href":"https:\/\/marqalicante-admin.qwair.com\/va\/wp-json\/wp\/v2\/comments?post=34181"}],"version-history":[{"count":0,"href":"https:\/\/marqalicante-admin.qwair.com\/va\/wp-json\/wp\/v2\/posts\/34181\/revisions"}],"wp:attachment":[{"href":"https:\/\/marqalicante-admin.qwair.com\/va\/wp-json\/wp\/v2\/media?parent=34181"}],"wp:term":[{"taxonomy":"category","embeddable":true,"href":"https:\/\/marqalicante-admin.qwair.com\/va\/wp-json\/wp\/v2\/categories?post=34181"},{"taxonomy":"post_tag","embeddable":true,"href":"https:\/\/marqalicante-admin.qwair.com\/va\/wp-json\/wp\/v2\/tags?post=34181"}],"curies":[{"name":"wp","href":"https:\/\/api.w.org\/{rel}","templated":true}]}}