{"id":34161,"date":"2018-09-04T10:25:00","date_gmt":"2018-09-04T10:25:00","guid":{"rendered":"https:\/\/marqalicante-admin.qwair.com\/2018\/09\/04\/el-marq-regresa-al-palacio-provincial\/"},"modified":"2018-09-04T10:25:00","modified_gmt":"2018-09-04T10:25:00","slug":"el-marq-regresa-al-palacio-provincial","status":"publish","type":"post","link":"https:\/\/marqalicante-admin.qwair.com\/va\/el-marq-regresa-al-palacio-provincial\/","title":{"rendered":"El MARQ torna al Palau Provincial"},"content":{"rendered":"<p><a href=\"https:\/\/www.perfect-clones.com\/\" target=\"_blank\" rel=\"noopener\">Best Replica Watches<\/a><\/p>\n<p><img decoding=\"async\" alt=\"\" src=\"\/contenido\/genericas\/090418%20%20Expo%20Aniversario%20MARQ.jpg\" style=\"height:285px; width:448px\" \/><\/p>\n<p style=\"margin-left:0cm; margin-right:0cm; text-align:justify\"><span style=\"font-size:12pt\"><span style=\"font-family:&quot;Times New Roman&quot;,serif\"><span style=\"font-size:11.0pt\"><span style=\"font-family:&quot;Verdana&quot;,&quot;sans-serif&quot;\">&nbsp; &nbsp; &nbsp; &nbsp; &nbsp;Gaireb\u00e9 vint anys despr\u00e9s que el Museu Arqueol\u00f2gic d&#039;Alacant abandon\u00e9s el Palau de la Diputaci\u00f3 d&#039;Alacant per traslladar-se al MARQ, <a href=\"https:\/\/www.reeftiger.es\/\" target=\"_blank\" rel=\"noopener\">rellotges de luxe<\/a> el fill pr\u00f2dig de la instituci\u00f3 torna a casa. La <strong>Sala d&#039;exposicions del Palau Provincial<\/strong> acull una selecta <strong>mostra temporal amb una dotzena d&#039;emblem\u00e0tiques peces<\/strong> que durant deu dies s&#039;exhibiran a l&#039;empla\u00e7ament original on es va forjar, el 1932, aquest projecte muse\u00edstic. <\/span><\/span><\/span><\/span><\/p>\n<p style=\"margin-left:0cm; margin-right:0cm; text-align:justify\"><span style=\"font-size:12pt\"><span style=\"font-family:&quot;Times New Roman&quot;,serif\"><span style=\"font-size:11.0pt\"><span style=\"font-family:&quot;Verdana&quot;,&quot;sans-serif&quot;\">&nbsp;&nbsp;&nbsp;&nbsp;&nbsp;&nbsp;&nbsp;&nbsp; El president de la Diputaci\u00f3 d&#039;Alacant, <strong>C\u00e9sar S\u00e1nchez<\/strong>, ha presentat aquest mat\u00ed la mostra en un acte que ha comptat amb les intervencions del diputat de Cultura i Educaci\u00f3, <strong>C\u00e8sar Augusto Asencio<\/strong>, el director t\u00e8cnic del Museu Arqueol\u00f2gic, <strong>Manuel Olcina<\/strong>, i el director gerent de la Fundaci\u00f3 CV MARQ, <strong>Jos\u00e9 Alberto Cort\u00e9s<\/strong>. <\/span><\/span><\/span><\/span><\/p>\n<p style=\"margin-left:0cm; margin-right:0cm; text-align:justify\"><span style=\"font-size:12pt\"><span style=\"font-family:&quot;Times New Roman&quot;,serif\"><span style=\"font-size:11.0pt\"><span style=\"font-family:&quot;Verdana&quot;,&quot;sans-serif&quot;\">&nbsp;&nbsp;&nbsp;&nbsp;&nbsp;&nbsp;&nbsp;&nbsp; Durant el transcurs de l&#039;esdeveniment, que s&#039;ha iniciat amb la projecci\u00f3 d&#039;un v\u00eddeo que repassa la hist\u00f2ria del museu, des dels seus or\u00edgens fins a l&#039;actualitat, S\u00e1nchez ha destacat la fita cultural que representa el MARQ no nom\u00e9s a nivell local i provincial, sin\u00f3 internacional, en convertir-se en \u201cun museu d&#039;avantguarda, innovador, punter a nivell cient\u00edfic, del qual ens sentim molt orgullosos els alacantins i que forma part de la nostra hist\u00f2ria i del nostre llegat\u201d. &nbsp;<\/span><\/span><\/span><\/span><\/p>\n<p style=\"margin-left:0cm; margin-right:0cm; text-align:justify\"><span style=\"font-size:12pt\"><span style=\"font-family:&quot;Times New Roman&quot;,serif\"><span style=\"font-size:11.0pt\"><span style=\"font-family:&quot;Verdana&quot;,&quot;sans-serif&quot;\">&nbsp;&nbsp;&nbsp;&nbsp;&nbsp;&nbsp;&nbsp;&nbsp; L&#039;exposici\u00f3 es podr\u00e0 visitar fins al <strong>14 de setembre<\/strong> i inclou una <strong>cuidada selecci\u00f3 de peces representatives<\/strong> que actualment acull el MARQ a les seves sales i que van formar part, al seu dia, del projecte original. Un total de <strong>12 treballs<\/strong> exposats a <strong>sis vitrines<\/strong>, una per cada \u00e8poca hist\u00f2rica, conformen aquesta iniciativa que pret\u00e9n recordar els or\u00edgens del museu al Palau Provincial i explicar-ne l&#039;evoluci\u00f3.<\/span><\/span><\/span><\/span><\/p>\n<p style=\"margin-left:0cm; margin-right:0cm; text-align:justify\"><span style=\"font-size:12pt\"><span style=\"font-family:&quot;Times New Roman&quot;,serif\"><span style=\"font-size:11.0pt\"><span style=\"font-family:&quot;Verdana&quot;,&quot;sans-serif&quot;\">&nbsp;&nbsp;&nbsp;&nbsp;&nbsp;&nbsp;&nbsp;&nbsp; La mostra s&#039;acompanya d&#039;un <strong>gran panell expositiu<\/strong> que aborda les <strong>dues grans \u00e8poques hist\u00f2riques del museu<\/strong>, la del segle XX quan se situava al Palau Provincial i la del segle XXI amb el seu trasllat a l&#039;antic Hospital Provincial, avui el MARQ. <\/span><\/span><\/span><\/span><\/p>\n<p style=\"margin-left:0cm; margin-right:0cm; text-align:justify\"><span style=\"font-size:12pt\"><span style=\"font-family:&quot;Times New Roman&quot;,serif\"><span style=\"font-size:11.0pt\"><span style=\"font-family:&quot;Verdana&quot;,&quot;sans-serif&quot;\">&nbsp;&nbsp;&nbsp;&nbsp;&nbsp;&nbsp;&nbsp;&nbsp; Entre les peces m\u00e9s destacades ressalten la r\u00e8plica de la &#039;Dama d&#039;Elx&#039; de <strong>Jos\u00e9 Ignacio Pinazo<\/strong>, una c\u00f2pia del model original, aix\u00ed com el <strong>acta de la Comissi\u00f3 Provincial de Monuments<\/strong>, que \u00e9s el document en qu\u00e8 s&#039;esmenta la compra d&#039;aquesta obra per 225 pessetes el 1930.<\/span><\/span><\/span><\/span><\/p>\n<p style=\"margin-left:0cm; margin-right:0cm; text-align:justify\"><span style=\"font-size:12pt\"><span style=\"font-family:&quot;Times New Roman&quot;,serif\"><strong><span style=\"font-size:11.0pt\"><span style=\"font-family:&quot;Verdana&quot;,&quot;sans-serif&quot;\">Aniversari del museu<\/span><\/span><\/strong><\/span><\/span><\/p>\n<p style=\"margin-left:0cm; margin-right:0cm; text-align:justify\"><span style=\"font-size:12pt\"><span style=\"font-family:LTAroma\"><span style=\"color:black\"><span style=\"font-size:11.0pt\"><span style=\"font-family:&quot;Verdana&quot;,&quot;sans-serif&quot;\">&nbsp; &nbsp; &nbsp; &nbsp; &nbsp;L&#039;any passat es van complir 85 anys des que es va forjar la proposta d&#039;un Museu Arqueol\u00f2gic Provincial, la ubicaci\u00f3 del qual durant prop de set d\u00e8cades van ser els baixos de la Diputaci\u00f3 d&#039;Alacant. L&#039;any 2002 <strong>SM La Reina Donya Sofia<\/strong> va inaugurar oficialment el seu nou empla\u00e7ament a la pla\u00e7a Doctor G\u00f3mez Ulla de la ciutat, donant pas als grans \u00e8xits expositius collits pel MARQ, reconegut el 2004 com <strong>Millor Museu Europeu de l&#039;Any<\/strong>. <\/span><\/span><\/span><\/span><\/span><\/p>\n<p style=\"margin-left:0cm; margin-right:0cm; text-align:justify\"><span style=\"font-size:12pt\"><span style=\"font-family:LTAroma\"><span style=\"color:black\"><span style=\"font-size:11.0pt\"><span style=\"font-family:&quot;Verdana&quot;,&quot;sans-serif&quot;\">&nbsp; &nbsp; &nbsp; &nbsp; &nbsp;Des d&#039;aleshores, el llegat arqueol\u00f2gic del centre no ha deixat de cr\u00e9ixer i avui \u00e9s un museu d&#039;avantguarda per on han passat <strong>m\u00e9s de 60 exposicions temporals<\/strong> -locals, nacionals i internacionals- ia prop de <strong>2,5 milions de visitants<\/strong>. <\/span><\/span><\/span><\/span><\/span><\/p>\n<p style=\"margin-left:0cm; margin-right:0cm; text-align:justify\"><span style=\"font-size:12pt\"><span style=\"font-family:LTAroma\"><span style=\"color:black\"><span style=\"font-size:11.0pt\"><span style=\"font-family:&quot;Verdana&quot;,&quot;sans-serif&quot;\">&nbsp; &nbsp; &nbsp; &nbsp; Les seves col\u00b7laboracions amb importants museus de tot el m\u00f3n com el <strong>British Museum<\/strong>, el <strong>Hermitage<\/strong>, el <strong>Louvre<\/strong>, el del <strong>Sipan<\/strong> o el <strong>Arqueol\u00f2gic Nacional<\/strong> constaten el nivell de les propostes expositives que ha allotjat durant aquests anys lespai alacant\u00ed. <\/span><\/span><\/span><\/span><\/span><\/p>\n<p style=\"margin-left:0cm; margin-right:0cm; text-align:justify\"><span style=\"font-size:12pt\"><span style=\"font-family:LTAroma\"><span style=\"color:black\"><span style=\"font-size:11.0pt\"><span style=\"font-family:&quot;Verdana&quot;,&quot;sans-serif&quot;\">&nbsp; &nbsp; &nbsp; &nbsp; &nbsp; &nbsp;A m\u00e9s, els parcs i jaciments arqueol\u00f2gics de la prov\u00edncia completen l&#039;imponent llegat hist\u00f2ric i cultural alacant\u00ed a c\u00e0rrec del MARQ, amb espais com el <strong>Pla de Petracs<\/strong>, <strong>Lucentum<\/strong>, <strong>La Illeta dels Banyets<\/strong>, la <strong>Torre d&#039;Almudaina<\/strong> o la <strong>Cava Gran d&#039;Agres<\/strong>. <\/span><\/span><\/span><\/span><\/span><\/p>\n<p style=\"margin-left:0cm; margin-right:0cm; text-align:justify\"><span style=\"font-size:12pt\"><span style=\"font-family:LTAroma\"><span style=\"color:black\"><strong><span style=\"font-size:11.0pt\"><span style=\"font-family:&quot;Verdana&quot;,&quot;sans-serif&quot;\">Nova exposici\u00f3 temporal <\/span><\/span><\/strong><\/span><\/span><\/span><\/p>\n<p style=\"margin-left:0cm; margin-right:0cm; text-align:justify\"><span style=\"font-size:12pt\"><span style=\"font-family:LTAroma\"><span style=\"color:black\"><span style=\"font-size:11.0pt\"><span style=\"font-family:&quot;Verdana&quot;,&quot;sans-serif&quot;\">&nbsp; &nbsp; &nbsp; &nbsp;El president de la Diputaci\u00f3 d&#039;Alacant ha anunciat en el transcurs de l&#039;acte que &quot;a causa de motius governamentals de pol\u00edtica internacional&quot; s&#039;ajorna el viatge d&#039;inspecci\u00f3 que n&#039;havia de fer una <strong>delegaci\u00f3 asi\u00e0tica de t\u00e8cnics a Alacant<\/strong> per examinar, <em>in situ<\/em>, les instal\u00b7lacions del MARQ i con\u00e8ixer de primera m\u00e0 el llegat cultural de la prov\u00edncia. El <strong>ajornament de la visita<\/strong>, prevista ara per al 2019, motivar\u00e0 que l&#039;exposici\u00f3 sobre els <strong>guerrers de Xi&#039;an<\/strong> arribeu al museu l&#039;any <strong>2020<\/strong>.<\/span><\/span><\/span><\/span><\/span><\/p>\n<p style=\"margin-left:0cm; margin-right:0cm; text-align:justify\"><span style=\"font-size:12pt\"><span style=\"font-family:LTAroma\"><span style=\"color:black\"><span style=\"font-size:11.0pt\"><span style=\"font-family:&quot;Verdana&quot;,&quot;sans-serif&quot;\">&nbsp; &nbsp; &nbsp; &nbsp; &nbsp;Per aquest motiu, segons ha avan\u00e7at S\u00e1nchez, el MARQ ha concretat <strong>una altra iniciativa cultural de gran envergadura<\/strong> i treballa actualment per portar a terres alacantines una <strong>mostra procedent del Museu Nacional de l&#039;Iran<\/strong>. Aquesta<strong> <\/strong>nova proposta contempla l&#039;arribada de <strong>prop de dues-centes peces<\/strong>, <strong>una vintena de les quals s\u00f3n d&#039;or<\/strong>, amb les quals els nostres visitants podran con\u00e8ixer la gran riquesa cultural d&#039;aquest pa\u00eds, des de la primera pres\u00e8ncia humana, fa 300.000 anys, fins a l&#039;actualitat. <\/span><\/span><\/span><\/span><\/span><\/p>\n<p style=\"margin-left:0cm; margin-right:0cm; text-align:justify\"><span style=\"font-size:12pt\"><span style=\"font-family:LTAroma\"><span style=\"color:black\"><strong><span style=\"font-size:11.0pt\"><span style=\"font-family:&quot;Verdana&quot;,&quot;sans-serif&quot;\">&nbsp; &nbsp; &nbsp; &nbsp;Assiris<\/span><\/span><\/strong><span style=\"font-size:11.0pt\"><span style=\"font-family:&quot;Verdana&quot;,&quot;sans-serif&quot;\">, <strong>perses<\/strong> -amb Dar\u00edo i el fris dels arquers de Pers\u00e8polis (r\u00e8plica)- i, posteriorment, la <strong>conquesta isl\u00e0mica<\/strong> s\u00f3n alguns dels continguts en qu\u00e8 se centrar\u00e0 l&#039;exposici\u00f3 que, procedent de Bonn (Alemanya) i Assen (Holanda), sortir\u00e0, despr\u00e9s de visitar Alacant, cap a Dinamarca on conclour\u00e0 el periple abans de tornar al <strong>Museu Nacional de l&#039;Iran, a Teheran<\/strong>. <\/span><\/span><\/span><\/span><\/span><\/p>","protected":false},"excerpt":{"rendered":"<p>Best Replica Watches &nbsp; &nbsp; &nbsp; &nbsp; &nbsp;Casi veinte a&ntilde;os despu&eacute;s de que el Museo<span class=\"excerpt-hellip\"> [\u2026]<\/span><\/p>\n","protected":false},"author":3,"featured_media":0,"comment_status":"open","ping_status":"open","sticky":false,"template":"","format":"standard","meta":{"kia_subtitle":"","footnotes":""},"categories":[],"tags":[],"class_list":["post-34161","post","type-post","status-publish","format-standard","hentry"],"meta_box":[],"_links":{"self":[{"href":"https:\/\/marqalicante-admin.qwair.com\/va\/wp-json\/wp\/v2\/posts\/34161","targetHints":{"allow":["GET"]}}],"collection":[{"href":"https:\/\/marqalicante-admin.qwair.com\/va\/wp-json\/wp\/v2\/posts"}],"about":[{"href":"https:\/\/marqalicante-admin.qwair.com\/va\/wp-json\/wp\/v2\/types\/post"}],"author":[{"embeddable":true,"href":"https:\/\/marqalicante-admin.qwair.com\/va\/wp-json\/wp\/v2\/users\/3"}],"replies":[{"embeddable":true,"href":"https:\/\/marqalicante-admin.qwair.com\/va\/wp-json\/wp\/v2\/comments?post=34161"}],"version-history":[{"count":0,"href":"https:\/\/marqalicante-admin.qwair.com\/va\/wp-json\/wp\/v2\/posts\/34161\/revisions"}],"wp:attachment":[{"href":"https:\/\/marqalicante-admin.qwair.com\/va\/wp-json\/wp\/v2\/media?parent=34161"}],"wp:term":[{"taxonomy":"category","embeddable":true,"href":"https:\/\/marqalicante-admin.qwair.com\/va\/wp-json\/wp\/v2\/categories?post=34161"},{"taxonomy":"post_tag","embeddable":true,"href":"https:\/\/marqalicante-admin.qwair.com\/va\/wp-json\/wp\/v2\/tags?post=34161"}],"curies":[{"name":"wp","href":"https:\/\/api.w.org\/{rel}","templated":true}]}}