{"id":34155,"date":"2018-08-03T08:26:00","date_gmt":"2018-08-03T08:26:00","guid":{"rendered":"https:\/\/marqalicante-admin.qwair.com\/2018\/08\/03\/la-diversion-continua-en-agosto-en-el-marq\/"},"modified":"2018-08-03T08:26:00","modified_gmt":"2018-08-03T08:26:00","slug":"la-diversion-continua-en-agosto-en-el-marq","status":"publish","type":"post","link":"https:\/\/marqalicante-admin.qwair.com\/va\/la-diversion-continua-en-agosto-en-el-marq\/","title":{"rendered":"La diversi\u00f3 continua a l&#039;agost al MARQ"},"content":{"rendered":"<p style=\"margin-left:0cm; margin-right:0cm\"><span style=\"font-size:11pt\"><span style=\"font-family:Calibri,sans-serif\"><span style=\"font-size:12.0pt\"><span style=\"font-family:&quot;Trebuchet MS&quot;,sans-serif\">L\u00b4escola d\u00b4estiu del MARQ roman oberta fins al 24 d\u00b4agost. Una aposta de la Fundaci\u00f3 MARQ destinada a fer que els nens d&#039;entre 6 i 14 anys gaudeixin d&#039;unes vacances molt especials.<\/span><\/span><\/span><\/span><a href=\"https:\/\/www.tswatches.cz\/piaget-c-92\/\" target=\"_blank\" rel=\"noopener\">piaget replica watches<\/a><span style=\"font-size:11pt\"><span style=\"font-family:Calibri,sans-serif\"><span style=\"font-size:12.0pt\"><span style=\"font-family:&quot;Trebuchet MS&quot;,sans-serif\"> Els matins al MARQ estan plens d&#039;activitats destinades a fomentar la creativitat dels nens i el treball en equip, per\u00f2 tamb\u00e9 a inculcar-los l&#039;amor per la nostra hist\u00f2ria mitjan\u00e7ant el coneixement de l&#039;arqueologia. La jornada es desenvolupa al Museu de 9h a 14h i aquest any, com a novetat s&#039;ofereix a les fam\u00edlies la possibilitat d&#039;un servei de menjador al BARQ, amb un men\u00fa especial, de 14h a 15h, que es pot reservar directament al propi restaurant del MARQ.<\/span><\/span><\/span><\/span><\/p>\n<p style=\"margin-left:0cm; margin-right:0cm\"><span style=\"font-size:11pt\"><span style=\"font-family:Calibri,sans-serif\"><span style=\"font-size:12.0pt\"><span style=\"font-family:&quot;Trebuchet MS&quot;,sans-serif\">Aquest estiu, les activitats giren al voltant de l&#039;exposici\u00f3 <em>Rupestre. Els Primers Santuaris, <\/em>amb tallers<em> <\/em>prehist\u00f2rics. Hi ha 50 places disponibles cada setmana i la inscripci\u00f3 es pot fer a les taquilles del Museu o en instanticket.<\/span><\/span><\/span><\/span><\/p>","protected":false},"excerpt":{"rendered":"<p>La escuela de verano del MARQ permanece abierta hasta el 24 de agosto. Una apuesta<span class=\"excerpt-hellip\"> [\u2026]<\/span><\/p>\n","protected":false},"author":3,"featured_media":0,"comment_status":"open","ping_status":"open","sticky":false,"template":"","format":"standard","meta":{"kia_subtitle":"","footnotes":""},"categories":[],"tags":[],"class_list":["post-34155","post","type-post","status-publish","format-standard","hentry"],"meta_box":[],"_links":{"self":[{"href":"https:\/\/marqalicante-admin.qwair.com\/va\/wp-json\/wp\/v2\/posts\/34155","targetHints":{"allow":["GET"]}}],"collection":[{"href":"https:\/\/marqalicante-admin.qwair.com\/va\/wp-json\/wp\/v2\/posts"}],"about":[{"href":"https:\/\/marqalicante-admin.qwair.com\/va\/wp-json\/wp\/v2\/types\/post"}],"author":[{"embeddable":true,"href":"https:\/\/marqalicante-admin.qwair.com\/va\/wp-json\/wp\/v2\/users\/3"}],"replies":[{"embeddable":true,"href":"https:\/\/marqalicante-admin.qwair.com\/va\/wp-json\/wp\/v2\/comments?post=34155"}],"version-history":[{"count":0,"href":"https:\/\/marqalicante-admin.qwair.com\/va\/wp-json\/wp\/v2\/posts\/34155\/revisions"}],"wp:attachment":[{"href":"https:\/\/marqalicante-admin.qwair.com\/va\/wp-json\/wp\/v2\/media?parent=34155"}],"wp:term":[{"taxonomy":"category","embeddable":true,"href":"https:\/\/marqalicante-admin.qwair.com\/va\/wp-json\/wp\/v2\/categories?post=34155"},{"taxonomy":"post_tag","embeddable":true,"href":"https:\/\/marqalicante-admin.qwair.com\/va\/wp-json\/wp\/v2\/tags?post=34155"}],"curies":[{"name":"wp","href":"https:\/\/api.w.org\/{rel}","templated":true}]}}