{"id":34128,"date":"2018-06-14T11:20:40","date_gmt":"2018-06-14T11:20:40","guid":{"rendered":"https:\/\/marqalicante-admin.qwair.com\/2018\/06\/14\/el-plan-de-excavaciones-arqueologicas-del-marq-se-extiende-este-verano-por-siete-enclaves-de-la-provincia\/"},"modified":"2018-06-14T11:20:40","modified_gmt":"2018-06-14T11:20:40","slug":"el-plan-de-excavaciones-arqueologicas-del-marq-se-extiende-este-verano-por-siete-enclaves-de-la-provincia","status":"publish","type":"post","link":"https:\/\/marqalicante-admin.qwair.com\/va\/el-plan-de-excavaciones-arqueologicas-del-marq-se-extiende-este-verano-por-siete-enclaves-de-la-provincia\/","title":{"rendered":"El Pla d\u00b4Excavacions Arqueol\u00f2giques del MARQ s\u00b4est\u00e9n aquest estiu per set enclavaments de la prov\u00edncia"},"content":{"rendered":"<p style=\"margin-left:0cm; margin-right:0cm; text-align:center\"><img decoding=\"async\" alt=\"\" src=\"\/contenido\/genericas\/061318%20plan%20excavaciones%20marq.jpg\" style=\"height:267px; width:400px\" \/><\/p>\n<p style=\"margin-left:0cm; margin-right:0cm; text-align:justify\"><span style=\"font-size:11pt\"><span style=\"font-family:Calibri,sans-serif\"><span style=\"font-family:&quot;Verdana&quot;,&quot;sans-serif&quot;\">Un any m\u00e9s, el <strong>MARQ<\/strong> posar\u00e0 en marxa el <strong>programa d&#039;excavacions arqueol\u00f2giques<\/strong> en qu\u00e8 participaran <strong>95 voluntaris<\/strong> repartits en <strong>set enclavaments <\/strong>de la prov\u00edncia. Aix\u00ed ho ha detallat aquest mat\u00ed el diputat de Cultura, <strong>C\u00e8sar Augusto Asencio<\/strong>, en la presentaci\u00f3 d&#039;aquesta campanya que, amb un pressupost de 106.000 euros, contribueix a l&#039;increment i la preservaci\u00f3 del ric <strong>patrimoni hist\u00f2ric i cultural<\/strong> de la prov\u00edncia. L&#039;acte ha comptat amb la pres\u00e8ncia del director t\u00e8cnic del museu, <strong>Manuel Olcina<\/strong>, qui ha concretat cadascuna de les execucions arqueol\u00f2giques. <\/span><\/span><\/span><\/p>\n<p style=\"margin-left:0cm; margin-right:0cm; text-align:justify\"><span style=\"font-size:11pt\"><span style=\"font-family:Calibri,sans-serif\"><span style=\"font-family:&quot;Verdana&quot;,&quot;sans-serif&quot;\">El pla compleix amb l&#039;objectiu de documentar i fer<strong> <\/strong>una <strong>\u00e0mplia investigaci\u00f3 cient\u00edfica<\/strong> dels <strong>troballes <\/strong>que es recuperen al territori alacant\u00ed, aix\u00ed com d&#039;avan\u00e7ar en el coneixement de les <strong>antigues civilitzacions<\/strong> que van poblar diferents enclavaments de la prov\u00edncia. Tal com ha explicat Asencio, \u201c<\/span><span style=\"font-family:&quot;Verdana&quot;,&quot;sans-serif&quot;\"><span style=\"color:black\">aquesta iniciativa completa i rigorosa \u00e9s un referent a la Comunitat Valenciana ia nivell nacional tant pels per\u00edodes hist\u00f2rics que abasta, des del Paleol\u00edtic fins a l&#039;Edat Mitjana, com per l&#039;\u00e0mbit territorial en qu\u00e8 es duu a terme. Darrere d&#039;aquestes actuacions hi ha un equip t\u00e8cnic excepcional que selecciona els jaciments segons les l\u00ednies de recerca planificades<\/span><\/span><span style=\"font-family:&quot;Verdana&quot;,&quot;sans-serif&quot;\"><span style=\"color:black\">\u201d. <\/span><\/span><\/span><\/span><\/p>\n<p style=\"margin-left:0cm; margin-right:0cm; text-align:justify\"><span style=\"font-size:11pt\"><span style=\"font-family:Calibri,sans-serif\"><span style=\"font-family:&quot;Verdana&quot;,&quot;sans-serif&quot;\"><span style=\"color:black\">Sens dubte, una de les ciutats romanes m\u00e9s rellevants d&#039;Espanya \u00e9s el <strong>Tossal de Manises<\/strong>, un enclavament gestionat directament per la Diputaci\u00f3 d&#039;Alacant, on aquest any es duran a terme actuacions per aprofundir en les tres fases d&#039;emmurallament de la porta principal i els camins que hi accedeixen. Un m\u00e0xim de <strong>dotze voluntaris<\/strong> col\u00b7laboraran en aquesta iniciativa que es prolongar\u00e0 durant tot el mes de juliol.<\/span><\/span><\/span><\/span><\/p>\n<p style=\"margin-left:0cm; margin-right:0cm; text-align:justify\"><span style=\"font-size:11pt\"><span style=\"font-family:Calibri,sans-serif\"><span style=\"font-family:&quot;Verdana&quot;,&quot;sans-serif&quot;\"><span style=\"color:black\">L&#039;equip d&#039;arque\u00f2legs del <strong>MARQ<\/strong> intervindr\u00e0, a m\u00e9s, en els empla\u00e7aments de les <strong>Vessants del Castell <\/strong>de Callosa de Segura, la <strong>Cova del Randero<\/strong> de Pedreguer, la <strong>Pobla d\u00b4Ifac<\/strong> a Calp, el <strong>Cap\u00e7al del Mol\u00ed<\/strong> a Rojals, la <strong>Borratxina<\/strong> a Mutxamel i la <strong>carta arqueol\u00f2gica subaqu\u00e0tica del Baix del Segura<\/strong>. &nbsp;<\/span><\/span><\/span><\/span><\/p>\n<p style=\"margin-left:0cm; margin-right:0cm; text-align:justify\"><span style=\"font-size:11pt\"><span style=\"font-family:Calibri,sans-serif\"><strong><span style=\"font-family:&quot;Verdana&quot;,&quot;sans-serif&quot;\"><span style=\"color:black\">Cova del Randero de Pedreguer <\/span><\/span><\/strong><\/span><\/span><\/p>\n<p style=\"margin-left:0cm; margin-right:0cm; text-align:justify\"><span style=\"font-size:11pt\"><span style=\"font-family:Calibri,sans-serif\"><span style=\"font-family:&quot;Verdana&quot;,&quot;sans-serif&quot;\"><span style=\"color:black\">L&#039;actuaci\u00f3 a la Cova del Randero, localitzada a <strong>Pedreguer<\/strong>, donar\u00e0 continu\u00eftat als <strong>treballs a la Galeria de la Sala Interior<\/strong> -\u00e0mbit on s&#039;han determinat les millors evid\u00e8ncies de l&#039;\u00fas funerari de la cavitat despr\u00e9s del <strong>troballa d&#039;un crani complet<\/strong> a la darrera campanya-, aix\u00ed com a les excavacions a la Sala de l&#039;Entrada, per aprofundir en la investigaci\u00f3. Aquesta iniciativa comptar\u00e0 amb la col\u00b7laboraci\u00f3 d&#039;uns <strong>vint voluntaris <\/strong>i es dur\u00e0 a terme a partir de mitjan agost. <\/span><\/span><\/span><\/span><\/p>\n<p style=\"margin-left:0cm; margin-right:0cm; text-align:justify\"><span style=\"font-size:11pt\"><span style=\"font-family:Calibri,sans-serif\"><strong><span style=\"font-family:&quot;Verdana&quot;,&quot;sans-serif&quot;\"><span style=\"color:black\">Vessants del Castell de Callosa de Segura <\/span><\/span><\/strong><\/span><\/span><\/p>\n<p style=\"margin-left:0cm; margin-right:0cm; text-align:justify\"><span style=\"font-size:11pt\"><span style=\"font-family:Calibri,sans-serif\"><span style=\"font-family:&quot;Verdana&quot;,&quot;sans-serif&quot;\">Fins <strong>quinze voluntaris<\/strong> es reuniran aquest any al voltant d&#039;aquest espai del Baix Segura per dur a terme una actuaci\u00f3 arqueol\u00f2gica en dues etapes. La primera tindr\u00e0 lloc a l&#039;estiu per <strong>alliberar de sediment el paquet estratigr\u00e0fic<\/strong> i la segona, que se centrar\u00e0 en la <strong>documentaci\u00f3 de nivells inferiors<\/strong> en punts concrets, es desenvolupar\u00e0 a la tardor.<\/span><span style=\"font-family:&quot;Verdana&quot;,&quot;sans-serif&quot;\"><span style=\"color:black\"> A m\u00e9s, est\u00e0 previst continuar amb la <strong>actualitzaci\u00f3 de dades i amb la prospecci\u00f3 intensiva<\/strong> de lentorn.<\/span><\/span><\/span><\/span><\/p>\n<p style=\"margin-left:0cm; margin-right:0cm; text-align:justify\"><span style=\"font-size:11pt\"><span style=\"font-family:Calibri,sans-serif\"><strong><span style=\"font-family:&quot;Verdana&quot;,&quot;sans-serif&quot;\"><span style=\"color:black\">El Cap del Mol\u00ed de Rojals<\/span><\/span><\/strong><\/span><\/span><\/p>\n<p style=\"margin-left:0cm; margin-right:0cm; text-align:justify\"><span style=\"font-size:11pt\"><span style=\"font-family:Calibri,sans-serif\"><span style=\"font-family:&quot;Verdana&quot;,&quot;sans-serif&quot;\"><span style=\"color:black\">En aquesta primera campanya d&#039;excavacions al Cabezo del Molino els treballs se centraran en<strong> sondejos arqueol\u00f2gics<\/strong>, encara que tamb\u00e9 est\u00e0 previst fer en camp les tasques de <strong>documentaci\u00f3 planim\u00e8trica<\/strong>. <strong>Quatre voluntaris<\/strong> col\u00b7laboraran el proper mes de setembre en aquest enclavament.<\/span><\/span><\/span><\/span><\/p>\n<p style=\"margin-left:0cm; margin-right:0cm; text-align:justify\"><span style=\"font-size:11pt\"><span style=\"font-family:Calibri,sans-serif\"><span style=\"font-family:&quot;Verdana&quot;,&quot;sans-serif&quot;\"><span style=\"color:black\">&nbsp;<strong>Pobla d&#039;Ifac de Calp<\/strong><\/span><\/span><\/span><\/span><\/p>\n<p style=\"margin-left:0cm; margin-right:0cm; text-align:justify\"><span style=\"font-size:11pt\"><span style=\"font-family:Calibri,sans-serif\"><span style=\"font-family:&quot;Verdana&quot;,&quot;sans-serif&quot;\"><span style=\"color:black\">A<strong> Calp<\/strong>, on es concentraran fins<strong> 36 voluntaris<\/strong> repartits en els mesos de juliol i agost, es dur\u00e0 a terme la catorzena campanya amb tasques de <strong>consolidaci\u00f3 d&#039;emerg\u00e8ncia i adequaci\u00f3 al jaciment<\/strong>, aix\u00ed com la <strong>excavaci\u00f3 i documentaci\u00f3 de les \u00e0rees arqueol\u00f2giques<\/strong> centrades en el sector de la <strong>Muralla Oest<\/strong>. &nbsp;<\/span><\/span><\/span><\/span><\/p>\n<p style=\"margin-left:0cm; margin-right:0cm; text-align:justify\">&nbsp;<\/p>\n<p style=\"margin-left:0cm; margin-right:0cm; text-align:justify\"><span style=\"font-size:11pt\"><span style=\"font-family:Calibri,sans-serif\"><strong><span style=\"font-family:&quot;Verdana&quot;,&quot;sans-serif&quot;\"><span style=\"color:black\">Carta arqueol\u00f2gica subaqu\u00e0tica del Baix Segura<\/span><\/span><\/strong><\/span><\/span><\/p>\n<p style=\"margin-left:0cm; margin-right:0cm; text-align:justify\"><span style=\"font-size:11pt\"><span style=\"font-family:Calibri,sans-serif\"><span style=\"font-family:&quot;Verdana&quot;,&quot;sans-serif&quot;\"><span style=\"color:black\">Aquesta nova etapa continuar\u00e0 amb les tasques de <strong>prospecci\u00f3 subaqu\u00e0tica i sondejos per a l&#039;aixecament de la Carta Arqueol\u00f2gica Subaqu\u00e0tica de la prov\u00edncia d&#039;Alacant<\/strong>. Aquesta fase se centrar\u00e0 en les costes de <strong>Guardamar del Segura, Torrevella, Oriola i Pilar de la Foradada <\/strong>a partir del setembre. Cal destacar que durant <strong>quatre setmanes<\/strong> acudiran <strong>vuit voluntaris<\/strong> i que els punts de la costa que ofereixen especial inter\u00e8s i han de ser revisats s\u00f3n <strong>Torrelamata, Punta Prima, Cap Roig, platja de les Mil Palmeres i el ancoratge del Fita de Pilar de la Horadada<\/strong>. <\/span><\/span><\/span><\/span><\/p>\n<p style=\"margin-left:0cm; margin-right:0cm; text-align:justify\"><span style=\"font-size:11pt\"><span style=\"font-family:Calibri,sans-serif\">&nbsp;<strong><span style=\"font-family:&quot;Verdana&quot;,&quot;sans-serif&quot;\"><span style=\"color:black\">Borratxina a Mutxamel <\/span><\/span><\/strong><\/span><\/span><\/p>\n<p style=\"margin-left:0cm; margin-right:0cm; text-align:justify\"><span style=\"font-size:11pt\"><span style=\"font-family:Calibri,sans-serif\"><span style=\"font-family:&quot;Verdana&quot;,&quot;sans-serif&quot;\">&nbsp;&nbsp;&nbsp;&nbsp;&nbsp;&nbsp;&nbsp;&nbsp; A <\/span><span style=\"font-family:&quot;Verdana&quot;,&quot;sans-serif&quot;\"><span style=\"color:black\">el jaciment de Borratxina de <strong>Mutxamel<\/strong>, a prop del barranc del Juncaret, es desenvoluparan al setembre <strong>treballs de sondeig<\/strong> a la part alta i mitjana de l&#039;elevaci\u00f3 on es van detectar <strong>cer\u00e0miques romanes<\/strong> de <strong>cronologia altimperial<\/strong>.<\/span><\/span><\/span><\/span><\/p>\n<p style=\"margin-left:0cm; margin-right:0cm; text-align:justify\">&nbsp;<\/p>\n<p style=\"margin-left:0cm; margin-right:0cm; text-align:justify\">&nbsp;<\/p>","protected":false},"excerpt":{"rendered":"<p>Un a&ntilde;o m&aacute;s, el MARQ pondr&aacute; en marcha el programa de excavaciones arqueol&oacute;gicas en el<span class=\"excerpt-hellip\"> [\u2026]<\/span><\/p>\n","protected":false},"author":3,"featured_media":0,"comment_status":"open","ping_status":"open","sticky":false,"template":"","format":"standard","meta":{"kia_subtitle":"","footnotes":""},"categories":[],"tags":[],"class_list":["post-34128","post","type-post","status-publish","format-standard","hentry"],"meta_box":[],"_links":{"self":[{"href":"https:\/\/marqalicante-admin.qwair.com\/va\/wp-json\/wp\/v2\/posts\/34128","targetHints":{"allow":["GET"]}}],"collection":[{"href":"https:\/\/marqalicante-admin.qwair.com\/va\/wp-json\/wp\/v2\/posts"}],"about":[{"href":"https:\/\/marqalicante-admin.qwair.com\/va\/wp-json\/wp\/v2\/types\/post"}],"author":[{"embeddable":true,"href":"https:\/\/marqalicante-admin.qwair.com\/va\/wp-json\/wp\/v2\/users\/3"}],"replies":[{"embeddable":true,"href":"https:\/\/marqalicante-admin.qwair.com\/va\/wp-json\/wp\/v2\/comments?post=34128"}],"version-history":[{"count":0,"href":"https:\/\/marqalicante-admin.qwair.com\/va\/wp-json\/wp\/v2\/posts\/34128\/revisions"}],"wp:attachment":[{"href":"https:\/\/marqalicante-admin.qwair.com\/va\/wp-json\/wp\/v2\/media?parent=34128"}],"wp:term":[{"taxonomy":"category","embeddable":true,"href":"https:\/\/marqalicante-admin.qwair.com\/va\/wp-json\/wp\/v2\/categories?post=34128"},{"taxonomy":"post_tag","embeddable":true,"href":"https:\/\/marqalicante-admin.qwair.com\/va\/wp-json\/wp\/v2\/tags?post=34128"}],"curies":[{"name":"wp","href":"https:\/\/api.w.org\/{rel}","templated":true}]}}