{"id":34108,"date":"2018-04-30T11:56:31","date_gmt":"2018-04-30T11:56:31","guid":{"rendered":"https:\/\/marqalicante-admin.qwair.com\/2018\/04\/30\/la-diputacion-de-alicante-y-el-ayuntamiento-de-calp-convocan-una-jornada-informativa-al-futuro-plan-director-de-los-banos-de-la-reina\/"},"modified":"2018-04-30T11:56:31","modified_gmt":"2018-04-30T11:56:31","slug":"la-diputacion-de-alicante-y-el-ayuntamiento-de-calp-convocan-una-jornada-informativa-al-futuro-plan-director-de-los-banos-de-la-reina","status":"publish","type":"post","link":"https:\/\/marqalicante-admin.qwair.com\/va\/la-diputacion-de-alicante-y-el-ayuntamiento-de-calp-convocan-una-jornada-informativa-al-futuro-plan-director-de-los-banos-de-la-reina\/","title":{"rendered":"La Diputaci\u00f3 d&#039;Alacant i l&#039;Ajuntament de Calp convoquen una jornada informativa al futur pla director dels Banys de la Reina"},"content":{"rendered":"<p style=\"margin-left:0cm; margin-right:0cm; text-align:center\"><img decoding=\"async\" alt=\"\" src=\"\/contenido\/genericas\/Reina.jpg\" style=\"height:263px; width:400px\" \/><\/p>\n<p style=\"margin-left:0cm; margin-right:0cm; text-align:justify\">&nbsp;<\/p>\n<p style=\"margin-left:0cm; margin-right:0cm; text-align:justify\"><span style=\"font-size:12pt\"><span style=\"font-family:LTAroma\"><span style=\"color:black\"><span style=\"font-size:11.0pt\"><span style=\"font-family:&quot;Verdana&quot;,&quot;sans-serif&quot;\">La <strong>Diputaci\u00f3 d&#039;Alacant<\/strong> i el <strong>Ajuntament de Calp<\/strong> han organitzat aquesta tarda una jornada oberta al p\u00fablic per explicar el <strong>futur Pla Director<\/strong> de posada en valor del jaciment arqueol\u00f2gic dels <strong>Banys de la Reina<\/strong>. El principal objectiu d&#039;aquesta iniciativa, que t\u00e9 el suport del MARQ, \u00e9s <strong>consolidar i difondre aquest important enclavament com a referent cultural i tur\u00edstic de la Mediterr\u00e0nia<\/strong>. &nbsp;<\/span><\/span><\/span><\/span><\/span><\/p>\n<p style=\"margin-left:0cm; margin-right:0cm; text-align:justify\"><span style=\"font-size:12pt\"><span style=\"font-family:LTAroma\"><span style=\"color:black\"><span style=\"font-size:11.0pt\"><span style=\"font-family:&quot;Verdana&quot;,&quot;sans-serif&quot;\">El president del Govern Provincial i alcalde del municipi, <strong>C\u00e9sar S\u00e1nchez<\/strong>, ha explicat que &quot;amb aquesta reuni\u00f3 fem un pas m\u00e9s cap al pla director dels Banyets de la Reina&quot;, un projecte de futur que ens permetr\u00e0 planificar les actuacions que es duran a terme en aquest important jaciment per conservar-lo, difondre&#039;l i consolidar-lo com un producte s\u00f2lid del patrimoni cultural, no nom\u00e9s de Calp, sin\u00f3 tamb\u00e9 de la comarca de la Mar. A l&#039;acte tamb\u00e9 hi assistir\u00e0 el diputat d&#039;Arquitectura, <strong>Jaume Lloret<\/strong>, aix\u00ed com regidors i autoritats locals.<\/span><\/span><\/span><\/span><\/span><\/p>\n<p style=\"margin-left:0cm; margin-right:0cm; text-align:justify\"><span style=\"font-size:12pt\"><span style=\"font-family:Arial,sans-serif\"><span style=\"font-size:11.0pt\"><span style=\"font-family:&quot;Verdana&quot;,&quot;sans-serif&quot;\">Especialistes i t\u00e8cnics han detallat durant la sessi\u00f3 les <strong>caracter\u00edstiques i singularitats <\/strong>d&#039;aquest jaciment arqueol\u00f2gic extraordinari. En concret, han intervingut <strong>Ana Ronda<\/strong> i <strong>Alicia Luj\u00e1n<\/strong>, directores de les campanyes d&#039;excavacions a la zona, que tamb\u00e9 formaran part dels equips t\u00e8cnics del Pla Director, van abordar la hist\u00f2ria de la investigaci\u00f3 del jaciment, la seva descripci\u00f3 i import\u00e0ncia. A m\u00e9s, el director de l&#039;\u00c0rea d&#039;Arquitectura de la Diputaci\u00f3 d&#039;Alacant i el director t\u00e8cnic del Museu Arqueol\u00f2gic Provincial, <strong>Rafael P\u00e9rez<\/strong> i <strong>Manuel Olcina<\/strong>, respectivament, qui coordinaran els treballs d&#039;elaboraci\u00f3 del Pla, van incidir en la import\u00e0ncia de la recuperaci\u00f3 d&#039;aquest patrimoni cultural valu\u00f3s, explicant als assistents a les xerrades, l&#039;objecte, la finalitat i els eixos de partida del Pla Director. Aix\u00ed mateix, en el transcurs de les xerrades va quedar palesa la <strong>import\u00e0ncia patrimonial i el valor social<\/strong> que despr\u00e8n l&#039;enclavament, aix\u00ed com els <strong>procediments t\u00e8cnics<\/strong> que es requereixen per aconseguir millorar la seva conservaci\u00f3 i convertir-lo en un <strong>parc arqueol\u00f2gic de refer\u00e8ncia<\/strong>. <\/span><\/span>&nbsp;<\/span><\/span><\/p>\n<p style=\"margin-left:0cm; margin-right:0cm; text-align:justify\"><span style=\"font-size:12pt\"><span style=\"font-family:LTAroma\"><span style=\"color:black\"><span style=\"font-size:11.0pt\"><span style=\"font-family:&quot;Verdana&quot;,&quot;sans-serif&quot;\">El Pla Director, on intervindran les \u00e0rees de Cultura i Arquitectura amb l&#039;assist\u00e8ncia <strong>del Museu Arqueol\u00f2gic d&#039;Alacant i de la Fundaci\u00f3 MARQ<\/strong>, s&#039;emmarca en la l\u00ednia de cooperaci\u00f3 i assist\u00e8ncia t\u00e8cnica que la instituci\u00f3 provincial ofereix als diferents ajuntaments per preservar i difondre el ric patrimoni que atresoren els municipis alacantins. &nbsp;<\/span><\/span><\/span><\/span><\/span><\/p>\n<p style=\"margin-left:0cm; margin-right:0cm; text-align:justify\"><span style=\"font-size:12pt\"><span style=\"font-family:LTAroma\"><span style=\"color:black\"><span style=\"font-size:11.0pt\"><span style=\"font-family:&quot;Verdana&quot;,&quot;sans-serif&quot;\">Els Banys de la Reina \u00e9s un \u201cvicus\u201d rom\u00e0, \u00e9s a dir, una gran <strong>agrupaci\u00f3 de viles romanes de luxe<\/strong> (segles II\u2013III dC) dedicades al descans, a la resid\u00e8ncia ia l&#039;oci davant del mar. Aix\u00ed, cada vila tenia les seves pr\u00f2pies termes i les habitacions i espais interiors decorats estaven dotats de <strong>paviments i mosaics amb materials portats de tota la mediterr\u00e0nia<\/strong>. <\/span><\/span><\/span><\/span><\/span><\/p>\n<p style=\"margin-left:0cm; margin-right:0cm; text-align:justify\"><span style=\"font-size:12pt\"><span style=\"font-family:LTAroma\"><span style=\"color:black\"><span style=\"font-size:11.0pt\"><span style=\"font-family:&quot;Verdana&quot;,&quot;sans-serif&quot;\">Aix\u00ed mateix, comptaven amb <strong>estanys amb peixos<\/strong> per a la seva cria i consum posterior, a l&#039;estil de les <strong>grans viles romanes<\/strong> de l&#039;\u00e8poca de l&#039;Imperi. En aquest enclavament destaca <strong>la S\u00ednia<\/strong>, una de les millors <strong>infraestructures hidr\u00e0uliques<\/strong> d&#039;\u00e8poca romana que es conserven a la Comunitat Valenciana, fet que converteix el jaciment en un dels espais arqueol\u00f2gics m\u00e9s importants del nostre territori. &nbsp;<\/span><\/span><\/span><\/span><\/span><\/p>\n<p style=\"margin-left:0cm; margin-right:0cm; text-align:justify\"><span style=\"font-size:12pt\"><span style=\"font-family:LTAroma\"><span style=\"color:black\">&nbsp;<\/span><\/span><\/span><\/p>\n<p style=\"margin-left:0cm; margin-right:0cm; text-align:justify\">&nbsp;<\/p>\n<p>&nbsp;<\/p>","protected":false},"excerpt":{"rendered":"<p>&nbsp; La Diputaci&oacute;n de Alicante y el Ayuntamiento de Calp han organizado esta tarde una<span class=\"excerpt-hellip\"> [\u2026]<\/span><\/p>\n","protected":false},"author":3,"featured_media":0,"comment_status":"open","ping_status":"open","sticky":false,"template":"","format":"standard","meta":{"kia_subtitle":"","footnotes":""},"categories":[],"tags":[],"class_list":["post-34108","post","type-post","status-publish","format-standard","hentry"],"meta_box":[],"_links":{"self":[{"href":"https:\/\/marqalicante-admin.qwair.com\/va\/wp-json\/wp\/v2\/posts\/34108","targetHints":{"allow":["GET"]}}],"collection":[{"href":"https:\/\/marqalicante-admin.qwair.com\/va\/wp-json\/wp\/v2\/posts"}],"about":[{"href":"https:\/\/marqalicante-admin.qwair.com\/va\/wp-json\/wp\/v2\/types\/post"}],"author":[{"embeddable":true,"href":"https:\/\/marqalicante-admin.qwair.com\/va\/wp-json\/wp\/v2\/users\/3"}],"replies":[{"embeddable":true,"href":"https:\/\/marqalicante-admin.qwair.com\/va\/wp-json\/wp\/v2\/comments?post=34108"}],"version-history":[{"count":0,"href":"https:\/\/marqalicante-admin.qwair.com\/va\/wp-json\/wp\/v2\/posts\/34108\/revisions"}],"wp:attachment":[{"href":"https:\/\/marqalicante-admin.qwair.com\/va\/wp-json\/wp\/v2\/media?parent=34108"}],"wp:term":[{"taxonomy":"category","embeddable":true,"href":"https:\/\/marqalicante-admin.qwair.com\/va\/wp-json\/wp\/v2\/categories?post=34108"},{"taxonomy":"post_tag","embeddable":true,"href":"https:\/\/marqalicante-admin.qwair.com\/va\/wp-json\/wp\/v2\/tags?post=34108"}],"curies":[{"name":"wp","href":"https:\/\/api.w.org\/{rel}","templated":true}]}}