{"id":34104,"date":"2018-04-10T13:13:00","date_gmt":"2018-04-10T13:13:00","guid":{"rendered":"https:\/\/marqalicante-admin.qwair.com\/2018\/04\/10\/la-fundacion-cv-marq-implanta-un-codigo-etico-para-agrupar-los-principios-de-actuacion-y-buenas-practicas-del-personal\/"},"modified":"2018-04-10T13:13:00","modified_gmt":"2018-04-10T13:13:00","slug":"la-fundacion-cv-marq-implanta-un-codigo-etico-para-agrupar-los-principios-de-actuacion-y-buenas-practicas-del-personal","status":"publish","type":"post","link":"https:\/\/marqalicante-admin.qwair.com\/va\/la-fundacion-cv-marq-implanta-un-codigo-etico-para-agrupar-los-principios-de-actuacion-y-buenas-practicas-del-personal\/","title":{"rendered":"La Fundaci\u00f3 CV-MARQ implanta un codi \u00e8tic per agrupar els principis d&#039;actuaci\u00f3 i les bones pr\u00e0ctiques del personal"},"content":{"rendered":"<p>&nbsp;<\/p>\n<p><a href=\"https:\/\/www.abelevatorshoes.com\/\" target=\"_blank\" rel=\"noopener\">elevator shoes<\/a><\/p>\n<p><img decoding=\"async\" alt=\"\" src=\"\/contenido\/genericas\/KGL%C3%91MBDFMB(1).JPG\" \/><img decoding=\"async\" alt=\"\" src=\"\/contenido\/genericas\/CONductas.jpg\" style=\"height:252px; width:448px\" \/><\/p>\n<p style=\"margin-left:0cm; margin-right:0cm; text-align:justify\"><span style=\"font-size:12pt\"><span style=\"font-family:&quot;Times New Roman&quot;,serif\"><span style=\"font-size:11.0pt\"><span style=\"font-family:&quot;Verdana&quot;,&quot;sans-serif&quot;\">La <strong>Fundaci\u00f3 CV-MARQ<\/strong> ha aprovat el <strong>Codi \u00c8tic i de Bones Pr\u00e0ctiques<\/strong> que estableix les normes m\u00ednimes de conducta i exercici de la professi\u00f3 per als treballadors. Aquesta iniciativa tracta de determinar els <strong>valors i els principis de base<\/strong> sobre els quals es recolza el <strong>treball cultural i guiar la conducta del personal<\/strong> en tots els aspectes de la vostra activitat.<\/span><\/span><\/span><\/span><\/p>\n<p style=\"margin-left:0cm; margin-right:0cm; text-align:justify\">&nbsp;<\/p>\n<p style=\"margin-left:0cm; margin-right:0cm; text-align:justify\"><span style=\"font-size:12pt\"><span style=\"font-family:&quot;Times New Roman&quot;,serif\"><span style=\"font-size:11.0pt\"><span style=\"font-family:&quot;Verdana&quot;,&quot;sans-serif&quot;\">Tal com ha explicat el diputat de Cultura<strong>, C\u00e8sar Augusto Asencio<\/strong>, \u201cdes de la Diputaci\u00f3 d&#039;Alacant aspirem a la democratitzaci\u00f3 de la cultura i en aquest sentit una de les nostres inquietuds principals \u00e9s l&#039;accessibilitat. En concret, des de la Fundaci\u00f3 CV-MARQ tenim, a m\u00e9s, la responsabilitat social de preservar un important patrimoni cultural, conservar-lo i apropar-lo al p\u00fablic, investigar i extreure&#039;n significats actuals per traslladar-los a la societat des d&#039;una \u00f2ptica did\u00e0ctica, diversa i plural\u201d.<\/span><\/span><\/span><\/span><\/p>\n<p style=\"margin-left:0cm; margin-right:0cm; text-align:justify\">&nbsp;<\/p>\n<p style=\"margin-left:0cm; margin-right:0cm; text-align:justify\"><span style=\"font-size:12pt\"><span style=\"font-family:&quot;Times New Roman&quot;,serif\"><span style=\"font-size:11.0pt\"><span style=\"font-family:&quot;Verdana&quot;,&quot;sans-serif&quot;\">El Codi \u00c8tic agrupa els principis de <strong>actuaci\u00f3 i les bones pr\u00e0ctiques<\/strong> que, des d&#039;una visi\u00f3 responsable, presideixen els comportaments individuals i col\u00b7lectius a la Fundaci\u00f3. Aquestes accions s&#039;han anat construint al llarg de la seva traject\u00f2ria i giren al voltant de conceptes com la <strong>integritat, transpar\u00e8ncia, honestedat, eliminaci\u00f3 de barreres f\u00edsiques i sensorials, i la no discriminaci\u00f3<\/strong>, tot aix\u00f2 des de l&#039;aspiraci\u00f3 de ser un element integrador i d&#039;apropament de la hist\u00f2ria i l&#039;arqueologia a la societat, fomentant valors com ara el respecte, la toler\u00e0ncia i la diversitat. <\/span><\/span><\/span><\/span><\/p>\n<p style=\"margin-left:0cm; margin-right:0cm; text-align:justify\">&nbsp;<\/p>\n<p style=\"margin-left:0cm; margin-right:0cm; text-align:justify\"><span style=\"font-size:12pt\"><span style=\"font-family:&quot;Times New Roman&quot;,serif\"><span style=\"font-size:11.0pt\"><span style=\"font-family:&quot;Verdana&quot;,&quot;sans-serif&quot;\">La Fundaci\u00f3 CV-MARQ ha fet un esfor\u00e7 a favor de la <strong>transpar\u00e8ncia volunt\u00e0ria<\/strong> i compta amb la web corporativa <strong><a href=\"http:\/\/marqalicante-classic-admin.qwair.com\" target=\"_blank\" rel=\"noopener\">marqalicante-classic-admin.qwair.com<\/a><\/strong> que recull tota la informaci\u00f3 rellevant per a l&#039;usuari sobre la seva <strong>visita, la col\u00b7lecci\u00f3 i les activitats programades<\/strong>, aix\u00ed com sobre la <strong>gesti\u00f3 i operativa <\/strong>de la Fundaci\u00f3.<\/span><\/span><\/span><\/span><\/p>\n<p style=\"margin-left:0cm; margin-right:0cm; text-align:justify\">&nbsp;<\/p>\n<p style=\"margin-left:0cm; margin-right:0cm; text-align:justify\">&nbsp;<\/p>\n<p>&nbsp;<\/p>\n<p style=\"margin-left:0cm; margin-right:0cm; text-align:justify\">&nbsp;<\/p>","protected":false},"excerpt":{"rendered":"<p>&nbsp; elevator shoes La Fundaci&oacute;n CV-MARQ ha aprobado el C&oacute;digo &Eacute;tico y de Buenas Pr&aacute;cticas<span class=\"excerpt-hellip\"> [\u2026]<\/span><\/p>\n","protected":false},"author":3,"featured_media":0,"comment_status":"open","ping_status":"open","sticky":false,"template":"","format":"standard","meta":{"kia_subtitle":"","footnotes":""},"categories":[],"tags":[],"class_list":["post-34104","post","type-post","status-publish","format-standard","hentry"],"meta_box":[],"_links":{"self":[{"href":"https:\/\/marqalicante-admin.qwair.com\/va\/wp-json\/wp\/v2\/posts\/34104","targetHints":{"allow":["GET"]}}],"collection":[{"href":"https:\/\/marqalicante-admin.qwair.com\/va\/wp-json\/wp\/v2\/posts"}],"about":[{"href":"https:\/\/marqalicante-admin.qwair.com\/va\/wp-json\/wp\/v2\/types\/post"}],"author":[{"embeddable":true,"href":"https:\/\/marqalicante-admin.qwair.com\/va\/wp-json\/wp\/v2\/users\/3"}],"replies":[{"embeddable":true,"href":"https:\/\/marqalicante-admin.qwair.com\/va\/wp-json\/wp\/v2\/comments?post=34104"}],"version-history":[{"count":0,"href":"https:\/\/marqalicante-admin.qwair.com\/va\/wp-json\/wp\/v2\/posts\/34104\/revisions"}],"wp:attachment":[{"href":"https:\/\/marqalicante-admin.qwair.com\/va\/wp-json\/wp\/v2\/media?parent=34104"}],"wp:term":[{"taxonomy":"category","embeddable":true,"href":"https:\/\/marqalicante-admin.qwair.com\/va\/wp-json\/wp\/v2\/categories?post=34104"},{"taxonomy":"post_tag","embeddable":true,"href":"https:\/\/marqalicante-admin.qwair.com\/va\/wp-json\/wp\/v2\/tags?post=34104"}],"curies":[{"name":"wp","href":"https:\/\/api.w.org\/{rel}","templated":true}]}}