{"id":34101,"date":"2018-03-23T10:04:31","date_gmt":"2018-03-23T10:04:31","guid":{"rendered":"https:\/\/marqalicante-admin.qwair.com\/2018\/03\/23\/el-marq-se-apagara-para-luchar-contra-el-cambio-climatico\/"},"modified":"2018-03-23T10:04:31","modified_gmt":"2018-03-23T10:04:31","slug":"el-marq-se-apagara-para-luchar-contra-el-cambio-climatico","status":"publish","type":"post","link":"https:\/\/marqalicante-admin.qwair.com\/va\/el-marq-se-apagara-para-luchar-contra-el-cambio-climatico\/","title":{"rendered":"El MARQ s&#039;apagar\u00e0 per lluitar contra el canvi clim\u00e0tic"},"content":{"rendered":"<p>La iniciativa L&#039;Hora del Planeta va n\u00e9ixer el 2007 a Sydney com un gest simb\u00f2lic i avui \u00e9s el Moviment ambiental m\u00e9s gran en la hist\u00f2ria i aquest 2018 persegueix unir les persones i connectar-les amb el nostre planeta i la seva naturalesa # CONNECTA&#039;T<\/p>\n<p>La Diputaci\u00f3 Provincial d&#039;Alacant i el MARQ se sumen a aquest gran projecte i dem\u00e0 dissabte apagaran tots els llums durant una hora, de 20.30ha 21.30h per recolzar la lluita global davant del canvi clim\u00e0tic.&nbsp;<\/p>\n<p>Actualment, \u00e9s la celebraci\u00f3 m\u00e9s gran pel planeta, que ha impulsat compromisos ambientals arreu del m\u00f3n, des de la protecci\u00f3 dels boscos fins a la creaci\u00f3 d&#039;\u00e0rees marines protegides i la promulgaci\u00f3 de la llei un favor d&#039;un clima segur per a tothom.<\/p>\n<p>L&#039;objectiu \u00e9s que a cada poble i ciutat les cases i carrers s&#039;apaguin durant 60 minuts i les xarxes socials es connectin per exigir als governs de tot el m\u00f3n canvis pol\u00edtics en mat\u00e8ria energ\u00e8tica.<\/p>","protected":false},"excerpt":{"rendered":"<p>La iniciativa La Hora del Planeta naci&oacute; en 2007 en Sydney como un gesto simb&oacute;lico<span class=\"excerpt-hellip\"> [\u2026]<\/span><\/p>\n","protected":false},"author":3,"featured_media":0,"comment_status":"open","ping_status":"open","sticky":false,"template":"","format":"standard","meta":{"kia_subtitle":"","footnotes":""},"categories":[],"tags":[],"class_list":["post-34101","post","type-post","status-publish","format-standard","hentry"],"meta_box":[],"_links":{"self":[{"href":"https:\/\/marqalicante-admin.qwair.com\/va\/wp-json\/wp\/v2\/posts\/34101","targetHints":{"allow":["GET"]}}],"collection":[{"href":"https:\/\/marqalicante-admin.qwair.com\/va\/wp-json\/wp\/v2\/posts"}],"about":[{"href":"https:\/\/marqalicante-admin.qwair.com\/va\/wp-json\/wp\/v2\/types\/post"}],"author":[{"embeddable":true,"href":"https:\/\/marqalicante-admin.qwair.com\/va\/wp-json\/wp\/v2\/users\/3"}],"replies":[{"embeddable":true,"href":"https:\/\/marqalicante-admin.qwair.com\/va\/wp-json\/wp\/v2\/comments?post=34101"}],"version-history":[{"count":0,"href":"https:\/\/marqalicante-admin.qwair.com\/va\/wp-json\/wp\/v2\/posts\/34101\/revisions"}],"wp:attachment":[{"href":"https:\/\/marqalicante-admin.qwair.com\/va\/wp-json\/wp\/v2\/media?parent=34101"}],"wp:term":[{"taxonomy":"category","embeddable":true,"href":"https:\/\/marqalicante-admin.qwair.com\/va\/wp-json\/wp\/v2\/categories?post=34101"},{"taxonomy":"post_tag","embeddable":true,"href":"https:\/\/marqalicante-admin.qwair.com\/va\/wp-json\/wp\/v2\/tags?post=34101"}],"curies":[{"name":"wp","href":"https:\/\/api.w.org\/{rel}","templated":true}]}}