{"id":34057,"date":"2017-12-26T13:51:18","date_gmt":"2017-12-26T13:51:18","guid":{"rendered":"https:\/\/marqalicante-admin.qwair.com\/2017\/12\/26\/disfruta-la-aventura-del-marq-en-exponadal\/"},"modified":"2017-12-26T13:51:18","modified_gmt":"2017-12-26T13:51:18","slug":"disfruta-la-aventura-del-marq-en-exponadal","status":"publish","type":"post","link":"https:\/\/marqalicante-admin.qwair.com\/va\/disfruta-la-aventura-del-marq-en-exponadal\/","title":{"rendered":"Gaudeix l&#039;aventura del Marq a Exponadal"},"content":{"rendered":"<p>&nbsp;<\/p>\n<p style='text-align:center'><img alt='' src='\/contenido\/genericas\/7954792132413.jpg' style='height:263px; width:350px' \/>&nbsp;<\/p>\n<p style='text-align:center'>&nbsp;<\/p>\n<p style='margin-left:0cm; margin-right:0cm; text-align:justify'><span style='font-size:11pt'><span style='font-family:Calibri,sans-serif'><span style='font-family:&quot;Trebuchet MS&quot;,&quot;sans-serif&quot;'>Aquest mat\u00ed ha obert les portes la vint-i-quatrena edici\u00f3 d&#039;Exponal, l&#039;Exposici\u00f3 d&#039;Oci Infantil i Juvenil que cada Nadal ens ofereix a IFA la possibilitat de gaudir d&#039;una jornada de diversi\u00f3 en fam\u00edlia amb activitats i atraccions pensats per a totes les edats: atraccions firals, inflables, manuals, tallers, zones de joc, i tamb\u00e9 Mags. <\/span><\/span><\/span><\/p>\n<p style='margin-left:0cm; margin-right:0cm; text-align:justify'><span style='font-size:11pt'><span style='font-family:Calibri,sans-serif'><span style='font-family:&quot;Trebuchet MS&quot;,&quot;sans-serif&quot;'>A la inauguraci\u00f3 institucional del certamen hi ha assistit el director gerent de la Fundaci\u00f3 MARQ, Jos\u00e9 Alberto Cort\u00e9s. La Fundaci\u00f3 MARQ ha volgut estar present un any m\u00e9s en aquesta cita amb l&#039;entrenament dels m\u00e9s petits de la casa i ha dissenyat un estand propi en qu\u00e8 es realitzaran jocs, animaci\u00f3 i tallers que promocionaran l&#039;oferta did\u00e0ctica del MARQ, dels seus jaciments i tamb\u00e9 l&#039;exposici\u00f3 internacional Mayas, que romandr\u00e0 al Mart\u00ed fins a la nostra hist\u00f2ria i diumenge 7 de gener.<\/span><\/span><\/span><\/p>\n<p style='margin-left:0cm; margin-right:0cm; text-align:justify'><span style='font-size:11pt'><span style='font-family:Calibri,sans-serif'>&nbsp;<\/span><\/span><\/p>\n<p>&nbsp;<\/p>","protected":false},"excerpt":{"rendered":"<p>&nbsp; &nbsp; &nbsp; Esta ma&ntilde;ana ha abierto sus puertas la vig&eacute;simo cuarta edici&oacute;n de Exponadal,<span class=\"excerpt-hellip\"> [\u2026]<\/span><\/p>\n","protected":false},"author":3,"featured_media":0,"comment_status":"open","ping_status":"open","sticky":false,"template":"","format":"standard","meta":{"kia_subtitle":"","footnotes":""},"categories":[],"tags":[],"class_list":["post-34057","post","type-post","status-publish","format-standard","hentry"],"meta_box":[],"_links":{"self":[{"href":"https:\/\/marqalicante-admin.qwair.com\/va\/wp-json\/wp\/v2\/posts\/34057","targetHints":{"allow":["GET"]}}],"collection":[{"href":"https:\/\/marqalicante-admin.qwair.com\/va\/wp-json\/wp\/v2\/posts"}],"about":[{"href":"https:\/\/marqalicante-admin.qwair.com\/va\/wp-json\/wp\/v2\/types\/post"}],"author":[{"embeddable":true,"href":"https:\/\/marqalicante-admin.qwair.com\/va\/wp-json\/wp\/v2\/users\/3"}],"replies":[{"embeddable":true,"href":"https:\/\/marqalicante-admin.qwair.com\/va\/wp-json\/wp\/v2\/comments?post=34057"}],"version-history":[{"count":0,"href":"https:\/\/marqalicante-admin.qwair.com\/va\/wp-json\/wp\/v2\/posts\/34057\/revisions"}],"wp:attachment":[{"href":"https:\/\/marqalicante-admin.qwair.com\/va\/wp-json\/wp\/v2\/media?parent=34057"}],"wp:term":[{"taxonomy":"category","embeddable":true,"href":"https:\/\/marqalicante-admin.qwair.com\/va\/wp-json\/wp\/v2\/categories?post=34057"},{"taxonomy":"post_tag","embeddable":true,"href":"https:\/\/marqalicante-admin.qwair.com\/va\/wp-json\/wp\/v2\/tags?post=34057"}],"curies":[{"name":"wp","href":"https:\/\/api.w.org\/{rel}","templated":true}]}}