{"id":34011,"date":"2017-10-18T10:40:26","date_gmt":"2017-10-18T10:40:26","guid":{"rendered":"https:\/\/marqalicante-admin.qwair.com\/2017\/10\/18\/una-vision-cientifica-y-humana-de-los-mayas\/"},"modified":"2017-10-18T10:40:26","modified_gmt":"2017-10-18T10:40:26","slug":"una-vision-cientifica-y-humana-de-los-mayas","status":"publish","type":"post","link":"https:\/\/marqalicante-admin.qwair.com\/va\/una-vision-cientifica-y-humana-de-los-mayas\/","title":{"rendered":"Una visi\u00f3 cient\u00edfica i humana dels Mayas"},"content":{"rendered":"<p>&nbsp;<\/p>\n<p><img alt='' src='\/contenido\/genericas\/Conferencias Mayas.jpg' style='height:336px; width:448px' \/><\/p>\n<p>La jornada de confer\u00e8ncies Los Mayas de Cerca va reunir ahir gaireb\u00e9 200 persones que van poder assistir a una aut\u00e8ntica dissecci\u00f3 de la vida, els costums i l&#039;art dels maies. Set confer\u00e8ncies i una taula rodona que van ressaltar el gran inter\u00e8s cient\u00edfic, i entre el p\u00fablic en general, que desperta aquesta cultura i la gran quantitat de preguntes que encara es formulen els investigadors; en paraules de l&#039;arque\u00f2loga Cristina Vidal, \u201cles respostes s\u00f3n all\u00e0 mateix, moltes vegades davant mateix dels nostres ulls\u201d per\u00f2 encara no han estat desxifrades, i aquest \u00e9s el gran repte dels cient\u00edfics.<\/p>\n<p>Les xerrades van desgranar l&#039;important\u00edssim paper que han tingut les missions arqueol\u00f2giques espanyoles a l&#039;\u00e0rea maia, les dificultats de treballar a la c\u00e0lida selva mesoamericana i la lluita de les autoritats locals per evitar l&#039;espoliaci\u00f3 i el mercadeig de peces maies.<\/p>\n<p>Especialment interessant va resultar la narraci\u00f3 de l&#039;aventura maia de l&#039;historiador i escriptor Miguel Rivera Dorado, que va revelar una infinitat d&#039;an\u00e8cdotes viscudes durant gaireb\u00e9 vint anys de les seves expedicions arqueol\u00f2giques.<\/p>\n<p>A m\u00e9s de Cristina Vidal i Miguel Rivera, van oferir pon\u00e8ncies l&#039;arquitecte Gaspar Mu\u00f1oz, de la Universitat Polit\u00e8cnica de Val\u00e8ncia, els professors Andrea Peir\u00f3 i Nuria Matarredona, tamb\u00e9 de la Universitat Polit\u00e8cnica de Val\u00e8ncia, Alfonso Lacadena i Ana Garc\u00eda, de la Universitat Complutense de Madrid , Mar\u00eda Luisa V\u00e1zquez, de la Universitat de Val\u00e8ncia i patr\u00edcia Horcajada de la Universitat Aut\u00f2noma de Campeche, a M\u00e8xic.<\/p>","protected":false},"excerpt":{"rendered":"<p>&nbsp; La jornada de conferencias Los Mayas de Cerca reuni&oacute; ayer a casi 200 personas<span class=\"excerpt-hellip\"> [\u2026]<\/span><\/p>\n","protected":false},"author":3,"featured_media":0,"comment_status":"open","ping_status":"open","sticky":false,"template":"","format":"standard","meta":{"kia_subtitle":"","footnotes":""},"categories":[],"tags":[],"class_list":["post-34011","post","type-post","status-publish","format-standard","hentry"],"meta_box":[],"_links":{"self":[{"href":"https:\/\/marqalicante-admin.qwair.com\/va\/wp-json\/wp\/v2\/posts\/34011","targetHints":{"allow":["GET"]}}],"collection":[{"href":"https:\/\/marqalicante-admin.qwair.com\/va\/wp-json\/wp\/v2\/posts"}],"about":[{"href":"https:\/\/marqalicante-admin.qwair.com\/va\/wp-json\/wp\/v2\/types\/post"}],"author":[{"embeddable":true,"href":"https:\/\/marqalicante-admin.qwair.com\/va\/wp-json\/wp\/v2\/users\/3"}],"replies":[{"embeddable":true,"href":"https:\/\/marqalicante-admin.qwair.com\/va\/wp-json\/wp\/v2\/comments?post=34011"}],"version-history":[{"count":0,"href":"https:\/\/marqalicante-admin.qwair.com\/va\/wp-json\/wp\/v2\/posts\/34011\/revisions"}],"wp:attachment":[{"href":"https:\/\/marqalicante-admin.qwair.com\/va\/wp-json\/wp\/v2\/media?parent=34011"}],"wp:term":[{"taxonomy":"category","embeddable":true,"href":"https:\/\/marqalicante-admin.qwair.com\/va\/wp-json\/wp\/v2\/categories?post=34011"},{"taxonomy":"post_tag","embeddable":true,"href":"https:\/\/marqalicante-admin.qwair.com\/va\/wp-json\/wp\/v2\/tags?post=34011"}],"curies":[{"name":"wp","href":"https:\/\/api.w.org\/{rel}","templated":true}]}}