{"id":34006,"date":"2017-10-10T14:46:26","date_gmt":"2017-10-10T14:46:26","guid":{"rendered":"https:\/\/marqalicante-admin.qwair.com\/2017\/10\/10\/cerca-de-2-000-personas-celebraron-el-9-d-octubre-en-el-marq\/"},"modified":"2017-10-10T14:46:26","modified_gmt":"2017-10-10T14:46:26","slug":"cerca-de-2-000-personas-celebraron-el-9-d-octubre-en-el-marq","status":"publish","type":"post","link":"https:\/\/marqalicante-admin.qwair.com\/va\/cerca-de-2-000-personas-celebraron-el-9-d-octubre-en-el-marq\/","title":{"rendered":"Prop de 2.000 persones van celebrar el 9 d&#039;Octubre al Marq"},"content":{"rendered":"<p>&nbsp;&nbsp;<\/p>\n<p><img alt='' src='\/contenido\/genericas\/nueve.jpg' style='height:252px; width:448px' \/><\/p>\n<p>El Marq va viure ahir una aut\u00e8ntica jornada de festa per commemorar el dia 9 d&#039;octubre, el Dia de la Comunitat Valenciana. Van ser molt\u00edssims els visitants que van decidir dedicar aquest llum\u00ed dem\u00e0 a visitar el Museu i com no, l&#039;exposici\u00f3 temporal <em>Maies. L&#039;enigma de les ciutats perdudes<\/em>, que va registrar un ple absolut fins a registrar al tancament la visita d?un total de 1.211 persones.&nbsp; &nbsp;&nbsp;&nbsp;<\/p>\n<p>Molts altres alacantins i tamb\u00e9 turistes que visiten aquests dies la Costa Blanca, 342, van escollir acostar-se fins a la ciutat iber romana de Lucentum i 337, van optar per visitar el jaciment de la Illeta dels Banyets, al municipi del Campello. La Torre almohade d&#039;Almudaina va registrar 19 visitants.<\/p>\n<p>Aquest dijous 12 d&#039;octubre, Dia de la Hispanitat, el Marq, els seus jaciments i la Torre tornaran a obrir en jornada de Portes Obertes. El Marq, Lucentum i la Illeta, de 10h a 14h i la Torre, de 10h a 13h.<\/p>","protected":false},"excerpt":{"rendered":"<p>&nbsp;&nbsp; El Marq vivi&oacute; ayer una aut&eacute;ntica jornada de fiesta para conmemorar el 9 d&rsquo;Octubre,<span class=\"excerpt-hellip\"> [\u2026]<\/span><\/p>\n","protected":false},"author":3,"featured_media":0,"comment_status":"open","ping_status":"open","sticky":false,"template":"","format":"standard","meta":{"kia_subtitle":"","footnotes":""},"categories":[],"tags":[],"class_list":["post-34006","post","type-post","status-publish","format-standard","hentry"],"meta_box":[],"_links":{"self":[{"href":"https:\/\/marqalicante-admin.qwair.com\/va\/wp-json\/wp\/v2\/posts\/34006","targetHints":{"allow":["GET"]}}],"collection":[{"href":"https:\/\/marqalicante-admin.qwair.com\/va\/wp-json\/wp\/v2\/posts"}],"about":[{"href":"https:\/\/marqalicante-admin.qwair.com\/va\/wp-json\/wp\/v2\/types\/post"}],"author":[{"embeddable":true,"href":"https:\/\/marqalicante-admin.qwair.com\/va\/wp-json\/wp\/v2\/users\/3"}],"replies":[{"embeddable":true,"href":"https:\/\/marqalicante-admin.qwair.com\/va\/wp-json\/wp\/v2\/comments?post=34006"}],"version-history":[{"count":0,"href":"https:\/\/marqalicante-admin.qwair.com\/va\/wp-json\/wp\/v2\/posts\/34006\/revisions"}],"wp:attachment":[{"href":"https:\/\/marqalicante-admin.qwair.com\/va\/wp-json\/wp\/v2\/media?parent=34006"}],"wp:term":[{"taxonomy":"category","embeddable":true,"href":"https:\/\/marqalicante-admin.qwair.com\/va\/wp-json\/wp\/v2\/categories?post=34006"},{"taxonomy":"post_tag","embeddable":true,"href":"https:\/\/marqalicante-admin.qwair.com\/va\/wp-json\/wp\/v2\/tags?post=34006"}],"curies":[{"name":"wp","href":"https:\/\/api.w.org\/{rel}","templated":true}]}}