{"id":33996,"date":"2017-09-25T14:41:00","date_gmt":"2017-09-25T14:41:00","guid":{"rendered":"https:\/\/marqalicante-admin.qwair.com\/2017\/09\/25\/la-mano-romana-del-marq-se-expondra-en-madrid-para-conmemorar-el-150-aniversario-del-museo-arqueologico-nacional\/"},"modified":"2017-09-25T14:41:00","modified_gmt":"2017-09-25T14:41:00","slug":"la-mano-romana-del-marq-se-expondra-en-madrid-para-conmemorar-el-150-aniversario-del-museo-arqueologico-nacional","status":"publish","type":"post","link":"https:\/\/marqalicante-admin.qwair.com\/va\/la-mano-romana-del-marq-se-expondra-en-madrid-para-conmemorar-el-150-aniversario-del-museo-arqueologico-nacional\/","title":{"rendered":"La M\u00e0 Romana del MARQ s&#039;exposar\u00e0 a Madrid per commemorar el 150\u00e8 aniversari del Museu Arqueol\u00f2gic Nacional"},"content":{"rendered":"<p>&nbsp;<img decoding=\"async\" alt=\"\" src=\"\/contenido\/genericas\/Mano romana.jpg\" style=\"height:448px; width:297px\" \/><\/p>\n<p>El <strong>MARQ<\/strong> estar\u00e0 present a l&#039;excepcional mostra antol\u00f2gica amb qu\u00e8<strong> <\/strong>el <strong>Museu Arqueol\u00f2gic Nacional<\/strong> (MAN) celebrar\u00e0 els seus 150 anys de cam\u00ed. <strong>\u201cEl Poder del Passat\u201d<\/strong> presentar\u00e0 l&#039;essencial de la hist\u00f2ria i l&#039;arqueologia i reunir\u00e0 a <strong>Madrid 150 peces<\/strong> procedents de m\u00e9s de seixanta institucions i museus de tot el pa\u00eds.<\/p>\n<p>La <strong><em>M\u00e0 Romana <\/em>de Lucentum<\/strong> formar\u00e0 part d&#039;aquesta exposici\u00f3, que s&#039;obrir\u00e0 al p\u00fablic el proper <strong>7 d&#039;octubre<\/strong> i podr\u00e0 ser visitada fins al <strong>1 d&#039;abril del 2018<\/strong>. Es tracta d&#039;una pe\u00e7a singular i ic\u00f2nica del MARQ que es correspon amb la m\u00e0 esquerra i part de l&#039;avantbra\u00e7 d&#039;una <strong>monumental escultura de bronze romana<\/strong>, trobada a la campanya d&#039;excavacions de 2005 a la cap\u00e7alera del f\u00f2rum de la <strong>antiga ciutat romana<\/strong> de <em>Lucentum<\/em>.<\/p>\n<p><a href=\"https:\/\/www.reeftiger.es\/relojes-mujer.html\" target=\"_blank\" rel=\"noopener\">Rellotges de dona<\/a><\/p>\n<p>Aquesta obra \u00fanica presenta elements no documentats fins ara al <strong>m\u00f3n cl\u00e0ssic grecorom\u00e0<\/strong>. Un d&#039;ells \u00e9s el pom de l&#039;empunyadura de la <strong>espasa cerimonial o <em>parazonium<\/em><\/strong>, format per dos <strong>caps d&#039;\u00e0liga<\/strong> mirant cap a costats oposats. A m\u00e9s, es tracta de la primera vegada que s&#039;ha conservat <strong>la m\u00e0 assentint l&#039;espasa<\/strong>, ja que en altres escultures de bronze tots dos elements s&#039;han preservat per separat. Aix\u00ed mateix, el <strong>anell gravat amb el <em>lituus<\/em><\/strong> -el b\u00e0cul del sacerdot augur- apunta que \u00e9s una escultura relacionada amb l&#039;emperador (potser <strong>August<\/strong>) o algun <strong>membre de la fam\u00edlia imperial<\/strong> vestit amb uniforme militar. Aquesta teoria es va veure refor\u00e7ada despr\u00e9s del <strong>an\u00e0lisi metal\u00b7gr\u00e0fica<\/strong> que va revelar una obra de <strong>gran qualitat t\u00e8cnica<\/strong>, segurament realitzada a <strong>tallers d&#039;It\u00e0lia<\/strong>. Amb tota probabilitat el seu dest\u00ed va ser o b\u00e9 presidir un temple del f\u00f2rum de Lucentum o erigir-se sobre un pedestal a la pla\u00e7a.<\/p>\n<p>&nbsp;<\/p>\n<p>Des de la seva troballa, la <em>M\u00e0 <\/em>de Lucentum llueix a la <strong>Sala de Roma<\/strong> del Museu Arqueol\u00f2gic d&#039;Alacant i ha visitat museus tan destacats com el <strong>Hermitage a Sant Petersburg<\/strong> (R\u00fassia) i el <strong>Drents Museum d&#039;Assen<\/strong> (Holanda), entre d&#039;altres. Ha estat estudiada per <strong>Manuel Olcina<\/strong>, director t\u00e8cnic del MARQ en una detallada monografia i s&#039;ha presentat a la comunitat cient\u00edfica a <strong>congressos<\/strong> especialitzats de <strong>Espanya i Alemanya<\/strong>.<\/p>\n<p>&nbsp;<\/p>\n<p>&nbsp;<\/p>\n<p>&nbsp;<\/p>\n<p>El <strong>MARQ<\/strong> estar\u00e0 present a l&#039;excepcional mostra antol\u00f2gica amb qu\u00e8<strong> <\/strong>el <strong>Museu Arqueol\u00f2gic Nacional<\/strong> (MAN) celebrar\u00e0 els seus 150 anys de cam\u00ed. <strong>\u201cEl Poder del Passat\u201d<\/strong> presentar\u00e0 l&#039;essencial de la hist\u00f2ria i l&#039;arqueologia i reunir\u00e0 a <strong>Madrid 150 peces<\/strong> procedents de m\u00e9s de seixanta institucions i museus de tot el pa\u00eds.<\/p>\n<p>La <strong><em>M\u00e0 Romana <\/em>de Lucentum<\/strong> formar\u00e0 part d&#039;aquesta exposici\u00f3, que s&#039;obrir\u00e0 al p\u00fablic el proper <strong>7 d&#039;octubre<\/strong> i podr\u00e0 ser visitada fins al <strong>1 d&#039;abril del 2018<\/strong>. Es tracta d&#039;una pe\u00e7a singular i ic\u00f2nica del MARQ que es correspon amb la m\u00e0 esquerra i part de l&#039;avantbra\u00e7 d&#039;una <strong>monumental escultura de bronze romana<\/strong>, trobada a la campanya d&#039;excavacions de 2005 a la cap\u00e7alera del f\u00f2rum de la <strong>antiga ciutat romana<\/strong> de <em>Lucentum<\/em>.<\/p>\n<p>&nbsp;<\/p>\n<p>Aquesta obra \u00fanica presenta elements no documentats fins ara al <strong>m\u00f3n cl\u00e0ssic grecorom\u00e0<\/strong>. Un d&#039;ells \u00e9s el pom de l&#039;empunyadura de la <strong>espasa cerimonial o <em>parazonium<\/em><\/strong>, format per dos <strong>caps d&#039;\u00e0liga<\/strong> mirant cap a costats oposats. A m\u00e9s, es tracta de la primera vegada que s&#039;ha conservat <strong>la m\u00e0 assentint l&#039;espasa<\/strong>, ja que en altres escultures de bronze tots dos elements s&#039;han preservat per separat. Aix\u00ed mateix, el <strong>anell gravat amb el <em>lituus<\/em><\/strong> -el b\u00e0cul del sacerdot augur- apunta que \u00e9s una escultura relacionada amb l&#039;emperador (potser <strong>August<\/strong>) o algun <strong>membre de la fam\u00edlia imperial<\/strong> vestit amb uniforme militar. Aquesta teoria es va veure refor\u00e7ada despr\u00e9s del <strong>an\u00e0lisi metal\u00b7gr\u00e0fica<\/strong> que va revelar una obra de <strong>gran qualitat t\u00e8cnica<\/strong>, segurament realitzada a <strong>tallers d&#039;It\u00e0lia<\/strong>. Amb tota probabilitat el seu dest\u00ed va ser o b\u00e9 presidir un temple del f\u00f2rum de Lucentum o erigir-se sobre un pedestal a la pla\u00e7a.<\/p>\n<p>&nbsp;<\/p>\n<p>Des de la seva troballa, la <em>M\u00e0 <\/em>de Lucentum llueix a la <strong>Sala de Roma<\/strong> del Museu Arqueol\u00f2gic d&#039;Alacant i ha visitat museus tan destacats com el <strong>Hermitage a Sant Petersburg<\/strong> (R\u00fassia) i el <strong>Drents Museum d&#039;Assen<\/strong> (Holanda), entre d&#039;altres. Ha estat estudiada per <strong>Manuel Olcina<\/strong>, director t\u00e8cnic del MARQ en una detallada monografia i s&#039;ha presentat a la comunitat cient\u00edfica a <strong>congressos<\/strong> especialitzats de <strong>Espanya i Alemanya<\/strong>.<\/p>\n<p>&nbsp;<\/p>\n<p>&nbsp;<\/p>\n<p>&nbsp;<\/p>\n<p>El <strong>MARQ<\/strong> estar\u00e0 present a l&#039;excepcional mostra antol\u00f2gica amb qu\u00e8<strong> <\/strong>el <strong>Museu Arqueol\u00f2gic Nacional<\/strong> (MAN) celebrar\u00e0 els seus 150 anys de cam\u00ed. <strong>\u201cEl Poder del Passat\u201d<\/strong> presentar\u00e0 l&#039;essencial de la hist\u00f2ria i l&#039;arqueologia i reunir\u00e0 a <strong>Madrid 150 peces<\/strong> procedents de m\u00e9s de seixanta institucions i museus de tot el pa\u00eds.<\/p>\n<p>La <strong><em>M\u00e0 Romana <\/em>de Lucentum<\/strong> formar\u00e0 part d&#039;aquesta exposici\u00f3, que s&#039;obrir\u00e0 al p\u00fablic el proper <strong>7 d&#039;octubre<\/strong> i podr\u00e0 ser visitada fins al <strong>1 d&#039;abril del 2018<\/strong>. Es tracta d&#039;una pe\u00e7a singular i ic\u00f2nica del MARQ que es correspon amb la m\u00e0 esquerra i part de l&#039;avantbra\u00e7 d&#039;una <strong>monumental escultura de bronze romana<\/strong>, trobada a la campanya d&#039;excavacions de 2005 a la cap\u00e7alera del f\u00f2rum de la <strong>antiga ciutat romana<\/strong> de <em>Lucentum<\/em>.<\/p>\n<p>&nbsp;<\/p>\n<p>Aquesta obra \u00fanica presenta elements no documentats fins ara al <strong>m\u00f3n cl\u00e0ssic grecorom\u00e0<\/strong>. Un d&#039;ells \u00e9s el pom de l&#039;empunyadura de la <strong>espasa cerimonial o <em>parazonium<\/em><\/strong>, format per dos <strong>caps d&#039;\u00e0liga<\/strong> mirant cap a costats oposats. A m\u00e9s, es tracta de la primera vegada que s&#039;ha conservat <strong>la m\u00e0 assentint l&#039;espasa<\/strong>, ja que en altres escultures de bronze tots dos elements s&#039;han preservat per separat. Aix\u00ed mateix, el <strong>anell gravat amb el <em>lituus<\/em><\/strong> -el b\u00e0cul del sacerdot augur- apunta que \u00e9s una escultura relacionada amb l&#039;emperador (potser <strong>August<\/strong>) o algun <strong>membre de la fam\u00edlia imperial<\/strong> vestit amb uniforme militar. Aquesta teoria es va veure refor\u00e7ada despr\u00e9s del <strong>an\u00e0lisi metal\u00b7gr\u00e0fica<\/strong> que va revelar una obra de <strong>gran qualitat t\u00e8cnica<\/strong>, segurament realitzada a <strong>tallers d&#039;It\u00e0lia<\/strong>. Amb tota probabilitat el seu dest\u00ed va ser o b\u00e9 presidir un temple del f\u00f2rum de Lucentum o erigir-se sobre un pedestal a la pla\u00e7a.<\/p>\n<p>&nbsp;<\/p>\n<p>Des de la seva troballa, la <em>M\u00e0 <\/em>de Lucentum llueix a la <strong>Sala de Roma<\/strong> del Museu Arqueol\u00f2gic d&#039;Alacant i ha visitat museus tan destacats com el <strong>Hermitage a Sant Petersburg<\/strong> (R\u00fassia) i el <strong>Drents Museum d&#039;Assen<\/strong> (Holanda), entre d&#039;altres. Ha estat estudiada per <strong>Manuel Olcina<\/strong>, director t\u00e8cnic del MARQ en una detallada monografia i s&#039;ha presentat a la comunitat cient\u00edfica a <strong>congressos<\/strong> especialitzats de <strong>Espanya i Alemanya<\/strong>.<\/p>\n<p>&nbsp;<\/p>\n<p>&nbsp;<\/p>\n<p>&nbsp;<\/p>\n<p>El <strong>MARQ<\/strong> estar\u00e0 present a l&#039;excepcional mostra antol\u00f2gica amb qu\u00e8<strong> <\/strong>el <strong>Museu Arqueol\u00f2gic Nacional<\/strong> (MAN) celebrar\u00e0 els seus 150 anys de cam\u00ed. <strong>\u201cEl Poder del Passat\u201d<\/strong> presentar\u00e0 l&#039;essencial de la hist\u00f2ria i l&#039;arqueologia i reunir\u00e0 a <strong>Madrid 150 peces<\/strong> procedents de m\u00e9s de seixanta institucions i museus de tot el pa\u00eds.<\/p>\n<p>La <strong><em>M\u00e0 Romana <\/em>de Lucentum<\/strong> formar\u00e0 part d&#039;aquesta exposici\u00f3, que s&#039;obrir\u00e0 al p\u00fablic el proper <strong>7 d&#039;octubre<\/strong> i podr\u00e0 ser visitada fins al <strong>1 d&#039;abril del 2018<\/strong>. Es tracta d&#039;una pe\u00e7a singular i ic\u00f2nica del MARQ que es correspon amb la m\u00e0 esquerra i part de l&#039;avantbra\u00e7 d&#039;una <strong>monumental escultura de bronze romana<\/strong>, trobada a la campanya d&#039;excavacions de 2005 a la cap\u00e7alera del f\u00f2rum de la <strong>antiga ciutat romana<\/strong> de <em>Lucentum<\/em>.<\/p>\n<p>&nbsp;<\/p>\n<p>Aquesta obra \u00fanica presenta elements no documentats fins ara al <strong>m\u00f3n cl\u00e0ssic grecorom\u00e0<\/strong>. Un d&#039;ells \u00e9s el pom de l&#039;empunyadura de la <strong>espasa cerimonial o <em>parazonium<\/em><\/strong>, format per dos <strong>caps d&#039;\u00e0liga<\/strong> mirant cap a costats oposats. A m\u00e9s, es tracta de la primera vegada que s&#039;ha conservat <strong>la m\u00e0 assentint l&#039;espasa<\/strong>, ja que en altres escultures de bronze tots dos elements s&#039;han preservat per separat. Aix\u00ed mateix, el <strong>anell gravat amb el <em>lituus<\/em><\/strong> -el b\u00e0cul del sacerdot augur- apunta que \u00e9s una escultura relacionada amb l&#039;emperador (potser <strong>August<\/strong>) o algun <strong>membre de la fam\u00edlia imperial<\/strong> vestit amb uniforme militar. Aquesta teoria es va veure refor\u00e7ada despr\u00e9s del <strong>an\u00e0lisi metal\u00b7gr\u00e0fica<\/strong> que va revelar una obra de <strong>gran qualitat t\u00e8cnica<\/strong>, segurament realitzada a <strong>tallers d&#039;It\u00e0lia<\/strong>. Amb tota probabilitat el seu dest\u00ed va ser o b\u00e9 presidir un temple del f\u00f2rum de Lucentum o erigir-se sobre un pedestal a la pla\u00e7a.<\/p>\n<p>&nbsp;<\/p>\n<p>Des de la seva troballa, la <em>M\u00e0 <\/em>de Lucentum llueix a la <strong>Sala de Roma<\/strong> del Museu Arqueol\u00f2gic d&#039;Alacant i ha visitat museus tan destacats com el <strong>Hermitage a Sant Petersburg<\/strong> (R\u00fassia) i el <strong>Drents Museum d&#039;Assen<\/strong> (Holanda), entre d&#039;altres. Ha estat estudiada per <strong>Manuel Olcina<\/strong>, director t\u00e8cnic del MARQ en una detallada monografia i s&#039;ha presentat a la comunitat cient\u00edfica a <strong>congressos<\/strong> especialitzats de <strong>Espanya i Alemanya<\/strong>.<\/p>\n<p>&nbsp;<\/p>\n<p>&nbsp;<\/p>\n<p>&nbsp;<\/p>\n<p>El <strong>MARQ<\/strong> estar\u00e0 present a l&#039;excepcional mostra antol\u00f2gica amb qu\u00e8<strong> <\/strong>el <strong>Museu Arqueol\u00f2gic Nacional<\/strong> (MAN) celebrar\u00e0 els seus 150 anys de cam\u00ed. <strong>\u201cEl Poder del Passat\u201d<\/strong> presentar\u00e0 l&#039;essencial de la hist\u00f2ria i l&#039;arqueologia i reunir\u00e0 a <strong>Madrid 150 peces<\/strong> procedents de m\u00e9s de seixanta institucions i museus de tot el pa\u00eds.<\/p>\n<p>La <strong><em>M\u00e0 Romana <\/em>de Lucentum<\/strong> formar\u00e0 part d&#039;aquesta exposici\u00f3, que s&#039;obrir\u00e0 al p\u00fablic el proper <strong>7 d&#039;octubre<\/strong> i podr\u00e0 ser visitada fins al <strong>1 d&#039;abril del 2018<\/strong>. Es tracta d&#039;una pe\u00e7a singular i ic\u00f2nica del MARQ que es correspon amb la m\u00e0 esquerra i part de l&#039;avantbra\u00e7 d&#039;una <strong>monumental escultura de bronze romana<\/strong>, trobada a la campanya d&#039;excavacions de 2005 a la cap\u00e7alera del f\u00f2rum de la <strong>antiga ciutat romana<\/strong> de <em>Lucentum<\/em>.<\/p>\n<p>&nbsp;<\/p>\n<p>Aquesta obra \u00fanica presenta elements no documentats fins ara al <strong>m\u00f3n cl\u00e0ssic grecorom\u00e0<\/strong>. Un d&#039;ells \u00e9s el pom de l&#039;empunyadura de la <strong>espasa cerimonial o <em>parazonium<\/em><\/strong>, format per dos <strong>caps d&#039;\u00e0liga<\/strong> mirant cap a costats oposats. A m\u00e9s, es tracta de la primera vegada que s&#039;ha conservat <strong>la m\u00e0 assentint l&#039;espasa<\/strong>, ja que en altres escultures de bronze tots dos elements s&#039;han preservat per separat. Aix\u00ed mateix, el <strong>anell gravat amb el <em>lituus<\/em><\/strong> -el b\u00e0cul del sacerdot augur- apunta que \u00e9s una escultura relacionada amb l&#039;emperador (potser <strong>August<\/strong>) o algun <strong>membre de la fam\u00edlia imperial<\/strong> vestit amb uniforme militar. Aquesta teoria es va veure refor\u00e7ada despr\u00e9s del <strong>an\u00e0lisi metal\u00b7gr\u00e0fica<\/strong> que va revelar una obra de <strong>gran qualitat t\u00e8cnica<\/strong>, segurament realitzada a <strong>tallers d&#039;It\u00e0lia<\/strong>. Amb tota probabilitat el seu dest\u00ed va ser o b\u00e9 presidir un temple del f\u00f2rum de Lucentum o erigir-se sobre un pedestal a la pla\u00e7a.<\/p>\n<p>&nbsp;<\/p>\n<p>Des de la seva troballa, la <em>M\u00e0 <\/em>de Lucentum llueix a la <strong>Sala de Roma<\/strong> del Museu Arqueol\u00f2gic d&#039;Alacant i ha visitat museus tan destacats com el <strong>Hermitage a Sant Petersburg<\/strong> (R\u00fassia) i el <strong>Drents Museum d&#039;Assen<\/strong> (Holanda), entre d&#039;altres. Ha estat estudiada per <strong>Manuel Olcina<\/strong>, director t\u00e8cnic del MARQ en una detallada monografia i s&#039;ha presentat a la comunitat cient\u00edfica a <strong>congressos<\/strong> especialitzats de <strong>Espanya i Alemanya<\/strong>.<\/p>\n<p>&nbsp;<\/p>\n<p>&nbsp;<\/p>\n<p>&nbsp;<\/p>\n<p>El <strong>MARQ<\/strong> estar\u00e0 present a l&#039;excepcional mostra antol\u00f2gica amb qu\u00e8<strong> <\/strong>el <strong>Museu Arqueol\u00f2gic Nacional<\/strong> (MAN) celebrar\u00e0 els seus 150 anys de cam\u00ed. <strong>\u201cEl Poder del Passat\u201d<\/strong> presentar\u00e0 l&#039;essencial de la hist\u00f2ria i l&#039;arqueologia i reunir\u00e0 a <strong>Madrid 150 peces<\/strong> procedents de m\u00e9s de seixanta institucions i museus de tot el pa\u00eds.<\/p>\n<p>La <strong><em>M\u00e0 Romana <\/em>de Lucentum<\/strong> formar\u00e0 part d&#039;aquesta exposici\u00f3, que s&#039;obrir\u00e0 al p\u00fablic el proper <strong>7 d&#039;octubre<\/strong> i podr\u00e0 ser visitada fins al <strong>1 d&#039;abril del 2018<\/strong>. Es tracta d&#039;una pe\u00e7a singular i ic\u00f2nica del MARQ que es correspon amb la m\u00e0 esquerra i part de l&#039;avantbra\u00e7 d&#039;una <strong>monumental escultura de bronze romana<\/strong>, trobada a la campanya d&#039;excavacions de 2005 a la cap\u00e7alera del f\u00f2rum de la <strong>antiga ciutat romana<\/strong> de <em>Lucentum<\/em>.<\/p>\n<p>&nbsp;<\/p>\n<p>Aquesta obra \u00fanica presenta elements no documentats fins ara al <strong>m\u00f3n cl\u00e0ssic grecorom\u00e0<\/strong>. Un d&#039;ells \u00e9s el pom de l&#039;empunyadura de la <strong>espasa cerimonial o <em>parazonium<\/em><\/strong>, format per dos <strong>caps d&#039;\u00e0liga<\/strong> mirant cap a costats oposats. A m\u00e9s, es tracta de la primera vegada que s&#039;ha conservat <strong>la m\u00e0 assentint l&#039;espasa<\/strong>, ja que en altres escultures de bronze tots dos elements s&#039;han preservat per separat. Aix\u00ed mateix, el <strong>anell gravat amb el <em>lituus<\/em><\/strong> -el b\u00e0cul del sacerdot augur- apunta que \u00e9s una escultura relacionada amb l&#039;emperador (potser <strong>August<\/strong>) o algun <strong>membre de la fam\u00edlia imperial<\/strong> vestit amb uniforme militar. Aquesta teoria es va veure refor\u00e7ada despr\u00e9s del <strong>an\u00e0lisi metal\u00b7gr\u00e0fica<\/strong> que va revelar una obra de <strong>gran qualitat t\u00e8cnica<\/strong>, segurament realitzada a <strong>tallers d&#039;It\u00e0lia<\/strong>. Amb tota probabilitat el seu dest\u00ed va ser o b\u00e9 presidir un temple del f\u00f2rum de Lucentum o erigir-se sobre un pedestal a la pla\u00e7a.<\/p>\n<p>&nbsp;<\/p>\n<p>Des de la seva troballa, la <em>M\u00e0 <\/em>de Lucentum llueix a la <strong>Sala de Roma<\/strong> del Museu Arqueol\u00f2gic d&#039;Alacant i ha visitat museus tan destacats com el <strong>Hermitage a Sant Petersburg<\/strong> (R\u00fassia) i el <strong>Drents Museum d&#039;Assen<\/strong> (Holanda), entre d&#039;altres. Ha estat estudiada per <strong>Manuel Olcina<\/strong>, director t\u00e8cnic del MARQ en una detallada monografia i s&#039;ha presentat a la comunitat cient\u00edfica a <strong>congressos<\/strong> especialitzats de <strong>Espanya i Alemanya<\/strong>.<\/p>\n<p>&nbsp;<\/p>\n<p>&nbsp;<\/p>\n<p>&nbsp;<\/p>\n<p>El <strong>MARQ<\/strong> estar\u00e0 present a l&#039;excepcional mostra antol\u00f2gica amb qu\u00e8<strong> <\/strong>el <strong>Museu Arqueol\u00f2gic Nacional<\/strong> (MAN) celebrar\u00e0 els seus 150 anys de cam\u00ed. <strong>\u201cEl Poder del Passat\u201d<\/strong> presentar\u00e0 l&#039;essencial de la hist\u00f2ria i l&#039;arqueologia i reunir\u00e0 a <strong>Madrid 150 peces<\/strong> procedents de m\u00e9s de seixanta institucions i museus de tot el pa\u00eds.<\/p>\n<p>La <strong><em>M\u00e0 Romana <\/em>de Lucentum<\/strong> formar\u00e0 part d&#039;aquesta exposici\u00f3, que s&#039;obrir\u00e0 al p\u00fablic el proper <strong>7 d&#039;octubre<\/strong> i podr\u00e0 ser visitada fins al <strong>1 d&#039;abril del 2018<\/strong>. Es tracta d&#039;una pe\u00e7a singular i ic\u00f2nica del MARQ que es correspon amb la m\u00e0 esquerra i part de l&#039;avantbra\u00e7 d&#039;una <strong>monumental escultura de bronze romana<\/strong>, trobada a la campanya d&#039;excavacions de 2005 a la cap\u00e7alera del f\u00f2rum de la <strong>antiga ciutat romana<\/strong> de <em>Lucentum<\/em>.<\/p>\n<p>&nbsp;<\/p>\n<p>Aquesta obra \u00fanica presenta elements no documentats fins ara al <strong>m\u00f3n cl\u00e0ssic grecorom\u00e0<\/strong>. Un d&#039;ells \u00e9s el pom de l&#039;empunyadura de la <strong>espasa cerimonial o <em>parazonium<\/em><\/strong>, format per dos <strong>caps d&#039;\u00e0liga<\/strong> mirant cap a costats oposats. A m\u00e9s, es tracta de la primera vegada que s&#039;ha conservat <strong>la m\u00e0 assentint l&#039;espasa<\/strong>, ja que en altres escultures de bronze tots dos elements s&#039;han preservat per separat. Aix\u00ed mateix, el <strong>anell gravat amb el <em>lituus<\/em><\/strong> -el b\u00e0cul del sacerdot augur- apunta que \u00e9s una escultura relacionada amb l&#039;emperador (potser <strong>August<\/strong>) o algun <strong>membre de la fam\u00edlia imperial<\/strong> vestit amb uniforme militar. Aquesta teoria es va veure refor\u00e7ada despr\u00e9s del <strong>an\u00e0lisi metal\u00b7gr\u00e0fica<\/strong> que va revelar una obra de <strong>gran qualitat t\u00e8cnica<\/strong>, segurament realitzada a <strong>tallers d&#039;It\u00e0lia<\/strong>. Amb tota probabilitat el seu dest\u00ed va ser o b\u00e9 presidir un temple del f\u00f2rum de Lucentum o erigir-se sobre un pedestal a la pla\u00e7a.<\/p>\n<p>&nbsp;<\/p>\n<p>Des de la seva troballa, la <em>M\u00e0 <\/em>de Lucentum llueix a la <strong>Sala de Roma<\/strong> del Museu Arqueol\u00f2gic d&#039;Alacant i ha visitat museus tan destacats com el <strong>Hermitage a Sant Petersburg<\/strong> (R\u00fassia) i el <strong>Drents Museum d&#039;Assen<\/strong> (Holanda), entre d&#039;altres. Ha estat estudiada per <strong>Manuel Olcina<\/strong>, director t\u00e8cnic del MARQ en una detallada monografia i s&#039;ha presentat a la comunitat cient\u00edfica a <strong>congressos<\/strong> especialitzats de <strong>Espanya i Alemanya<\/strong>.<\/p>\n<p>&nbsp;<\/p>\n<p>&nbsp;<\/p>\n<p>&nbsp;<\/p>\n<p>El <strong>MARQ<\/strong> estar\u00e0 present a l&#039;excepcional mostra antol\u00f2gica amb qu\u00e8<strong> <\/strong>el <strong>Museu Arqueol\u00f2gic Nacional<\/strong> (MAN) celebrar\u00e0 els seus 150 anys de cam\u00ed. <strong>\u201cEl Poder del Passat\u201d<\/strong> presentar\u00e0 l&#039;essencial de la hist\u00f2ria i l&#039;arqueologia i reunir\u00e0 a <strong>Madrid 150 peces<\/strong> procedents de m\u00e9s de seixanta institucions i museus de tot el pa\u00eds.<\/p>\n<p>La <strong><em>M\u00e0 Romana <\/em>de Lucentum<\/strong> formar\u00e0 part d&#039;aquesta exposici\u00f3, que s&#039;obrir\u00e0 al p\u00fablic el proper <strong>7 d&#039;octubre<\/strong> i podr\u00e0 ser visitada fins al <strong>1 d&#039;abril del 2018<\/strong>. Es tracta d&#039;una pe\u00e7a singular i ic\u00f2nica del MARQ que es correspon amb la m\u00e0 esquerra i part de l&#039;avantbra\u00e7 d&#039;una <strong>monumental escultura de bronze romana<\/strong>, trobada a la campanya d&#039;excavacions de 2005 a la cap\u00e7alera del f\u00f2rum de la <strong>antiga ciutat romana<\/strong> de <em>Lucentum<\/em>.<\/p>\n<p>&nbsp;<\/p>\n<p>Aquesta obra \u00fanica presenta elements no documentats fins ara al <strong>m\u00f3n cl\u00e0ssic grecorom\u00e0<\/strong>. Un d&#039;ells \u00e9s el pom de l&#039;empunyadura de la <strong>espasa cerimonial o <em>parazonium<\/em><\/strong>, format per dos <strong>caps d&#039;\u00e0liga<\/strong> mirant cap a costats oposats. A m\u00e9s, es tracta de la primera vegada que s&#039;ha conservat <strong>la m\u00e0 assentint l&#039;espasa<\/strong>, ja que en altres escultures de bronze tots dos elements s&#039;han preservat per separat. Aix\u00ed mateix, el <strong>anell gravat amb el <em>lituus<\/em><\/strong> -el b\u00e0cul del sacerdot augur- apunta que \u00e9s una escultura relacionada amb l&#039;emperador (potser <strong>August<\/strong>) o algun <strong>membre de la fam\u00edlia imperial<\/strong> vestit amb uniforme militar. Aquesta teoria es va veure refor\u00e7ada despr\u00e9s del <strong>an\u00e0lisi metal\u00b7gr\u00e0fica<\/strong> que va revelar una obra de <strong>gran qualitat t\u00e8cnica<\/strong>, segurament realitzada a <strong>tallers d&#039;It\u00e0lia<\/strong>. Amb tota probabilitat el seu dest\u00ed va ser o b\u00e9 presidir un temple del f\u00f2rum de Lucentum o erigir-se sobre un pedestal a la pla\u00e7a.<\/p>\n<p>&nbsp;<\/p>\n<p>Des de la seva troballa, la <em>M\u00e0 <\/em>de Lucentum llueix a la <strong>Sala de Roma<\/strong> del Museu Arqueol\u00f2gic d&#039;Alacant i ha visitat museus tan destacats com el <strong>Hermitage a Sant Petersburg<\/strong> (R\u00fassia) i el <strong>Drents Museum d&#039;Assen<\/strong> (Holanda), entre d&#039;altres. Ha estat estudiada per <strong>Manuel Olcina<\/strong>, director t\u00e8cnic del MARQ en una detallada monografia i s&#039;ha presentat a la comunitat cient\u00edfica a <strong>congressos<\/strong> especialitzats de <strong>Espanya i Alemanya<\/strong>.<\/p>\n<p>&nbsp;<\/p>\n<p>&nbsp;<\/p>\n<p>&nbsp;<\/p>\n<p>&nbsp;<\/p>\n<p>&nbsp;<\/p>","protected":false},"excerpt":{"rendered":"<p>&nbsp; El MARQ estar&aacute; presente en la excepcional muestra antol&oacute;gica con la que el Museo<span class=\"excerpt-hellip\"> [\u2026]<\/span><\/p>\n","protected":false},"author":3,"featured_media":0,"comment_status":"open","ping_status":"open","sticky":false,"template":"","format":"standard","meta":{"kia_subtitle":"","footnotes":""},"categories":[],"tags":[],"class_list":["post-33996","post","type-post","status-publish","format-standard","hentry"],"meta_box":[],"_links":{"self":[{"href":"https:\/\/marqalicante-admin.qwair.com\/va\/wp-json\/wp\/v2\/posts\/33996","targetHints":{"allow":["GET"]}}],"collection":[{"href":"https:\/\/marqalicante-admin.qwair.com\/va\/wp-json\/wp\/v2\/posts"}],"about":[{"href":"https:\/\/marqalicante-admin.qwair.com\/va\/wp-json\/wp\/v2\/types\/post"}],"author":[{"embeddable":true,"href":"https:\/\/marqalicante-admin.qwair.com\/va\/wp-json\/wp\/v2\/users\/3"}],"replies":[{"embeddable":true,"href":"https:\/\/marqalicante-admin.qwair.com\/va\/wp-json\/wp\/v2\/comments?post=33996"}],"version-history":[{"count":0,"href":"https:\/\/marqalicante-admin.qwair.com\/va\/wp-json\/wp\/v2\/posts\/33996\/revisions"}],"wp:attachment":[{"href":"https:\/\/marqalicante-admin.qwair.com\/va\/wp-json\/wp\/v2\/media?parent=33996"}],"wp:term":[{"taxonomy":"category","embeddable":true,"href":"https:\/\/marqalicante-admin.qwair.com\/va\/wp-json\/wp\/v2\/categories?post=33996"},{"taxonomy":"post_tag","embeddable":true,"href":"https:\/\/marqalicante-admin.qwair.com\/va\/wp-json\/wp\/v2\/tags?post=33996"}],"curies":[{"name":"wp","href":"https:\/\/api.w.org\/{rel}","templated":true}]}}