{"id":33990,"date":"2017-09-11T15:26:56","date_gmt":"2017-09-11T15:26:56","guid":{"rendered":"https:\/\/marqalicante-admin.qwair.com\/2017\/09\/11\/la-exposicion-sobre-la-civilizacion-maya-recibe-cerca-de-45-000-visitas-durante-sus-primeros-meses-en-el-marq\/"},"modified":"2017-09-11T15:26:56","modified_gmt":"2017-09-11T15:26:56","slug":"la-exposicion-sobre-la-civilizacion-maya-recibe-cerca-de-45-000-visitas-durante-sus-primeros-meses-en-el-marq","status":"publish","type":"post","link":"https:\/\/marqalicante-admin.qwair.com\/va\/la-exposicion-sobre-la-civilizacion-maya-recibe-cerca-de-45-000-visitas-durante-sus-primeros-meses-en-el-marq\/","title":{"rendered":"L&#039;exposici\u00f3 sobre la civilitzaci\u00f3 Maya rep prop de 45.000 visites durant els primers mesos al MARQ"},"content":{"rendered":"<p>&nbsp;<\/p>\n<p><img alt='' src='\/contenido\/genericas\/091116 MARQ_2.jpg' style='height:217px; width:325px' \/><\/p>\n<p>L&#039;exposici\u00f3 internacional del MARQ <em>\u201c<strong>Maies. L&#039;enigma de les ciutats perdudes<\/strong>\u201d <\/em>continua batent r\u00e8cords i \u00e9s que, des que es va inaugurar a finals del mes de maig passat, ja ha rebut la visita de <strong>prop de 45.000 persones<\/strong>. Un total de <strong>211 objectes<\/strong> procedents principalment del Museu Nacional d&#039;Arqueologia i Etnologia de Guatemala componen aquesta<strong> <\/strong>espectacular<strong> <\/strong>mostra, mai abans realitzada a Espanya, que romandr\u00e0 al centre alacant\u00ed <strong>fins al 7 de gener de 2018<\/strong>.<\/p>\n<p>Per mesos, <strong>juliol i agost<\/strong> <strong>han estat els que han registrat una<\/strong> <strong>m\u00e9s aflu\u00e8ncia de p\u00fablic<\/strong>, <strong>amb 13.403 i 14.358 persones<\/strong>respectivament, unes xifres que coincideixen especialment amb el desenvolupament del programa d&#039;activitats l\u00fadiques i did\u00e0ctiques per a nens que cada estiu duu a terme el museu arqueol\u00f2gic.<\/p>\n<p>Per la seva banda, la proced\u00e8ncia dels visitants ha estat molt diversa, encara que <strong>destaquen els turistes alacantins<\/strong>, dentre els nacionals ho fan aquells procedents de <strong>Madrid<\/strong>, per davant dels del <strong>resta de la Comunitat Valenciana<\/strong> (Val\u00e8ncia i Castell\u00f3), <strong>Catalunya, Castella-la Manxa o M\u00farcia<\/strong>. Aix\u00ed mateix, s&#039;ha registrat un important nombre de persones procedent de zones o pa\u00efsos com <strong>Europa de l&#039;Est<\/strong>,<strong> Fran\u00e7a<\/strong>,<strong> Gran Bretanya<\/strong>,<strong> els pa\u00efsos n\u00f2rdics<\/strong>,<strong> Alemanya i It\u00e0lia<\/strong>.<\/p>\n<p><em>\u201cMaies. L&#039;enigma de les ciutats perdudes\u201d <\/em>apropa al p\u00fablic els secrets d&#039;aquesta civilitzaci\u00f3 interessant i les condicions de vida di\u00e0ria d&#039;aquesta poblaci\u00f3 que va habitar la Pen\u00ednsula del Yucatan. Amb un muntatge expositiu excepcional que ocupa les tres sales temporals del MARQ, el visitant pot <strong>con\u00e8ixer dades sobre l&#039;arqueologia mesoamericana<\/strong> <strong>i contemplar vestigis<\/strong> tan destacats <strong>com l&#039;escultura d&#039;un home amb atributs de jaguar<\/strong>,<strong> una m\u00e0scara de jade o diverses esteles<\/strong>, <strong>plats i encensaris<\/strong>.<\/p>\n<p>&nbsp;<\/p>\n<p><strong><u>XIII Campanya <\/u><\/strong><u>&#039;<strong>Estiua al MARQ<\/strong>&#039;<\/u><\/p>\n<p>&nbsp;&nbsp;&nbsp;&nbsp;&nbsp;&nbsp;&nbsp;&nbsp; Especialment rellevants s\u00f3n tamb\u00e9 les xifres del <strong>programa d&#039;activitats infantils <\/strong>que cada estiu desenvolupa el museu alacant\u00ed i que aquest any ha comptat amb la participaci\u00f3 de <strong>m\u00e9s de 1.500 nens<\/strong>.<\/p>\n<p>La campanya &#039;Estiu al MARQ&#039;, que aquest any ha arribat a la seva tretzena edici\u00f3, est\u00e0 dirigit a <strong>nens d&#039;entre 6 i 12 anys<\/strong>. Aquests cursos, duna setmana de durada, els permeten <strong>aprendre mentre juguen, ballen<\/strong>,<strong> pinten<\/strong>,<strong> decoren m\u00e0scares o elaboren tocats i orelleres<\/strong>. Durant els mateixos, els nois han visitat, a m\u00e9s, la col\u00b7lecci\u00f3 permanent del museu, aix\u00ed com l&#039;exposici\u00f3 internacional \u201c<em>Maies. L&#039;enigma de les ciutats perdudes<\/em>\u201d, que recupera els costums i els secrets d&#039;aquesta civilitzaci\u00f3.<\/p>\n<p>Aquestes xifres situen les visites al museu alacant\u00ed el 31 d&#039;agost a <strong>90.728 persones<\/strong>, que unides a les 14.461 que s&#039;han produ\u00eft als jaciments i monuments gestionats pel MARQ, arriben a un total de <strong>105.189 visites<\/strong>, \u00e9s a dir 6.249 m\u00e9s que les obtingudes el 31 d&#039;agost del 2016.<\/p>","protected":false},"excerpt":{"rendered":"<p>&nbsp; La exposici&oacute;n internacional del MARQ &ldquo;Mayas. El enigma de las ciudades perdidas&rdquo; contin&uacute;a batiendo<span class=\"excerpt-hellip\"> [\u2026]<\/span><\/p>\n","protected":false},"author":3,"featured_media":0,"comment_status":"open","ping_status":"open","sticky":false,"template":"","format":"standard","meta":{"kia_subtitle":"","footnotes":""},"categories":[],"tags":[],"class_list":["post-33990","post","type-post","status-publish","format-standard","hentry"],"meta_box":[],"_links":{"self":[{"href":"https:\/\/marqalicante-admin.qwair.com\/va\/wp-json\/wp\/v2\/posts\/33990","targetHints":{"allow":["GET"]}}],"collection":[{"href":"https:\/\/marqalicante-admin.qwair.com\/va\/wp-json\/wp\/v2\/posts"}],"about":[{"href":"https:\/\/marqalicante-admin.qwair.com\/va\/wp-json\/wp\/v2\/types\/post"}],"author":[{"embeddable":true,"href":"https:\/\/marqalicante-admin.qwair.com\/va\/wp-json\/wp\/v2\/users\/3"}],"replies":[{"embeddable":true,"href":"https:\/\/marqalicante-admin.qwair.com\/va\/wp-json\/wp\/v2\/comments?post=33990"}],"version-history":[{"count":0,"href":"https:\/\/marqalicante-admin.qwair.com\/va\/wp-json\/wp\/v2\/posts\/33990\/revisions"}],"wp:attachment":[{"href":"https:\/\/marqalicante-admin.qwair.com\/va\/wp-json\/wp\/v2\/media?parent=33990"}],"wp:term":[{"taxonomy":"category","embeddable":true,"href":"https:\/\/marqalicante-admin.qwair.com\/va\/wp-json\/wp\/v2\/categories?post=33990"},{"taxonomy":"post_tag","embeddable":true,"href":"https:\/\/marqalicante-admin.qwair.com\/va\/wp-json\/wp\/v2\/tags?post=33990"}],"curies":[{"name":"wp","href":"https:\/\/api.w.org\/{rel}","templated":true}]}}