{"id":33988,"date":"2017-09-08T10:28:41","date_gmt":"2017-09-08T10:28:41","guid":{"rendered":"https:\/\/marqalicante-admin.qwair.com\/2017\/09\/08\/los-mayas-a-la-conquista-de-canada\/"},"modified":"2017-09-08T10:28:41","modified_gmt":"2017-09-08T10:28:41","slug":"los-mayas-a-la-conquista-de-canada","status":"publish","type":"post","link":"https:\/\/marqalicante-admin.qwair.com\/va\/los-mayas-a-la-conquista-de-canada\/","title":{"rendered":"Els Mayas, a la conquesta del Canad\u00e0"},"content":{"rendered":"<p>&nbsp;<\/p>\n<p>&nbsp;<\/p>\n<p>&nbsp;<\/p>\n<p><img alt='' src='\/contenido\/genericas\/IMG_8369.jpg' style='height:336px; width:448px' \/><\/p>\n<p>&nbsp;<\/p>\n<p>El Royal British Museum Columbia a Vict\u00f2ria, Canad\u00e0, ha manifestat el seu inter\u00e8s a exhibir a les sales l&#039;exposici\u00f3 internacional <em>Maies. L&#039;enigma de les ciutats perdudes<\/em>, actualment al Marq fins al 7 de gener del 2018. Amb aquest objectiu, el seu vicedirector, Scott Cooper i el seu cap d&#039;exposicions, Michael Barnes, van ser rebuts ahir al Marq pel Director Gerent de la Fundaci\u00f3 Marq, Jos\u00e9 Alberto Cort\u00e9s i pel director t\u00e8cnic del Museu, Manuel Olcina, i van fer una visita t\u00e8cnica a la mostra, de la qual van destacar no nom\u00e9s l&#039;extraordin\u00e0ria qualitat de les seves peces, sin\u00f3 l&#039;imponent projecte expositiu dissenyat per Rocamora Arquitectura, i molt especialment els recursos d&#039;accessibilitat que l&#039;acompanyen, les notes ac\u00fastiques, musicals i olfactives del qual ens traslladen fins al m\u00e9s profund de la selva mesoamericana, bressol de la cultura maia.&nbsp;&nbsp;&nbsp;<\/p>\n<p>La delegaci\u00f3 canadenca, acompanyada per Peter Els\u00e4sser i Siegfried Brugger, de Museumspartner, es va mostrar molt interessada a con\u00e8ixer el Marq i el seu programa d&#039;exposicions i van aprofitar les intenses jornades de reunions a Alacant per intercanviar experi\u00e8ncies i posar en com\u00fa els models de gesti\u00f3 dels seus respectius centres culturals.&nbsp;&nbsp;&nbsp;<\/p>\n<p>&nbsp;<\/p>\n<p>&nbsp;<\/p>\n<p>&nbsp;<\/p>","protected":false},"excerpt":{"rendered":"<p>&nbsp; &nbsp; &nbsp; &nbsp; El Royal British Museum Columbia en Victoria, Canad&aacute;, ha manifestado su<span class=\"excerpt-hellip\"> [\u2026]<\/span><\/p>\n","protected":false},"author":3,"featured_media":0,"comment_status":"open","ping_status":"open","sticky":false,"template":"","format":"standard","meta":{"kia_subtitle":"","footnotes":""},"categories":[],"tags":[],"class_list":["post-33988","post","type-post","status-publish","format-standard","hentry"],"meta_box":[],"_links":{"self":[{"href":"https:\/\/marqalicante-admin.qwair.com\/va\/wp-json\/wp\/v2\/posts\/33988","targetHints":{"allow":["GET"]}}],"collection":[{"href":"https:\/\/marqalicante-admin.qwair.com\/va\/wp-json\/wp\/v2\/posts"}],"about":[{"href":"https:\/\/marqalicante-admin.qwair.com\/va\/wp-json\/wp\/v2\/types\/post"}],"author":[{"embeddable":true,"href":"https:\/\/marqalicante-admin.qwair.com\/va\/wp-json\/wp\/v2\/users\/3"}],"replies":[{"embeddable":true,"href":"https:\/\/marqalicante-admin.qwair.com\/va\/wp-json\/wp\/v2\/comments?post=33988"}],"version-history":[{"count":0,"href":"https:\/\/marqalicante-admin.qwair.com\/va\/wp-json\/wp\/v2\/posts\/33988\/revisions"}],"wp:attachment":[{"href":"https:\/\/marqalicante-admin.qwair.com\/va\/wp-json\/wp\/v2\/media?parent=33988"}],"wp:term":[{"taxonomy":"category","embeddable":true,"href":"https:\/\/marqalicante-admin.qwair.com\/va\/wp-json\/wp\/v2\/categories?post=33988"},{"taxonomy":"post_tag","embeddable":true,"href":"https:\/\/marqalicante-admin.qwair.com\/va\/wp-json\/wp\/v2\/tags?post=33988"}],"curies":[{"name":"wp","href":"https:\/\/api.w.org\/{rel}","templated":true}]}}