{"id":33976,"date":"2017-08-02T08:37:14","date_gmt":"2017-08-02T08:37:14","guid":{"rendered":"https:\/\/marqalicante-admin.qwair.com\/2017\/08\/02\/mas-de-28-000-personas-han-visitado-ya-las-ciudades-perdidas-de-los-mayas-en-el-marq\/"},"modified":"2017-08-02T08:37:14","modified_gmt":"2017-08-02T08:37:14","slug":"mas-de-28-000-personas-han-visitado-ya-las-ciudades-perdidas-de-los-mayas-en-el-marq","status":"publish","type":"post","link":"https:\/\/marqalicante-admin.qwair.com\/va\/mas-de-28-000-personas-han-visitado-ya-las-ciudades-perdidas-de-los-mayas-en-el-marq\/","title":{"rendered":"M\u00e9s de 28.000 persones han visitat ja les ciutats perdudes dels Mayas al MARQ"},"content":{"rendered":"<p>&nbsp; &nbsp; &nbsp; &nbsp; &nbsp; &nbsp; &nbsp; &nbsp; &nbsp; &nbsp; &nbsp; &nbsp; &nbsp; &nbsp; &nbsp; &nbsp; &nbsp; &nbsp;<img alt='' src='\/contenido\/genericas\/NocheBlanco2.jpg' style='height:300px; width:400px' \/><\/p>\n<p>L&#039;exposici\u00f3 internacional <em>Maies. L&#039;enigma de les ciutats perdudes<\/em> ha comptabilitzat, aquest 31 de juliol, 28.133 visites des de la seva inauguraci\u00f3, el 25 de maig passat. Una calorosa resposta del p\u00fablic a una mostra, sens dubte, excepcional en aquests dos primers mesos d&#039;exhibici\u00f3.<\/p>\n<p>En commemoraci\u00f3 del seu 85\/15 aniversari les sales temporals del Marq recreen amb un disseny expositiu avantguardista i auda\u00e7, un espectacular recorregut per l&#039;esdevenir d&#039;aquesta cultura, a trav\u00e9s de la monumental arquitectura de les seves pir\u00e0mides i Temples, la pot\u00e8ncia de les seves ciutats estat, com Tikal i Calakmul, la import\u00e0ncia del rei divinitzat i del seu coneixement, vivien, el seu art, l&#039;agricultura, l&#039;enginyeria hidr\u00e0ulica, el joc de la pilota\u2026 les grans realitzacions p\u00e8tries: esteles, panells i escultures monumentals, que ens apropen a les creences profundes d&#039;aquesta civilitzaci\u00f3 a partir de la comprensi\u00f3 de les pintures de Sant Bartol.<\/p>\n<p>Recorregut que s&#039;est\u00e9n, sota el suggerent t\u00edtol de Mayas de cerca, a la investigaci\u00f3 actual d&#039;aquesta civilitzaci\u00f3 apassionant amb les aportacions de les missions arqueol\u00f2giques espanyoles a Guatemala i, en particular, la dels equips d&#039;investigadors valencians, fonamental per aprofundir en el coneixement de les arrels d&#039;aquest fascinant m\u00f3n mesoameric\u00e0.<\/p>\n<p>Per apropar de forma amena i did\u00e0ctica el m\u00f3n dels maies als nostres visitants, el Marq ha organitzat un extens calendari de visites guiades i teatralitzades, els horaris i les tarifes dels quals poden ser consultats a la nostra web <a href=\"http:\/\/marqalicante-classic-admin.qwair.com\" style=\"color:#0563c1; text-decoration:underline\" target=\"_blank\" rel=\"noopener\">marqalicante-classic-admin.qwair.com<\/a> ia les nostres RRSS. L&#039;horari d&#039;estiu permet als visitants acudir al museu als matins, de 10h a 14h ia les tardes, de 18h a 22h; excepte els diumenges i festius, nom\u00e9s als matins.<\/p>\n<p>Aquesta imponent exposici\u00f3 reuneix un conjunt de prop de 200 peces maies, procedents de museus guatemalencs i alemanys, romandr\u00e0 al Marq fins al proper 7 de gener de 2018.<\/p>","protected":false},"excerpt":{"rendered":"<p>&nbsp; &nbsp; &nbsp; &nbsp; &nbsp; &nbsp; &nbsp; &nbsp; &nbsp; &nbsp; &nbsp; &nbsp; &nbsp; &nbsp; &nbsp;<span class=\"excerpt-hellip\"> [\u2026]<\/span><\/p>\n","protected":false},"author":3,"featured_media":0,"comment_status":"open","ping_status":"open","sticky":false,"template":"","format":"standard","meta":{"kia_subtitle":"","footnotes":""},"categories":[],"tags":[],"class_list":["post-33976","post","type-post","status-publish","format-standard","hentry"],"meta_box":[],"_links":{"self":[{"href":"https:\/\/marqalicante-admin.qwair.com\/va\/wp-json\/wp\/v2\/posts\/33976","targetHints":{"allow":["GET"]}}],"collection":[{"href":"https:\/\/marqalicante-admin.qwair.com\/va\/wp-json\/wp\/v2\/posts"}],"about":[{"href":"https:\/\/marqalicante-admin.qwair.com\/va\/wp-json\/wp\/v2\/types\/post"}],"author":[{"embeddable":true,"href":"https:\/\/marqalicante-admin.qwair.com\/va\/wp-json\/wp\/v2\/users\/3"}],"replies":[{"embeddable":true,"href":"https:\/\/marqalicante-admin.qwair.com\/va\/wp-json\/wp\/v2\/comments?post=33976"}],"version-history":[{"count":0,"href":"https:\/\/marqalicante-admin.qwair.com\/va\/wp-json\/wp\/v2\/posts\/33976\/revisions"}],"wp:attachment":[{"href":"https:\/\/marqalicante-admin.qwair.com\/va\/wp-json\/wp\/v2\/media?parent=33976"}],"wp:term":[{"taxonomy":"category","embeddable":true,"href":"https:\/\/marqalicante-admin.qwair.com\/va\/wp-json\/wp\/v2\/categories?post=33976"},{"taxonomy":"post_tag","embeddable":true,"href":"https:\/\/marqalicante-admin.qwair.com\/va\/wp-json\/wp\/v2\/tags?post=33976"}],"curies":[{"name":"wp","href":"https:\/\/api.w.org\/{rel}","templated":true}]}}