{"id":33944,"date":"2017-05-28T10:38:58","date_gmt":"2017-05-28T10:38:58","guid":{"rendered":"https:\/\/marqalicante-admin.qwair.com\/2017\/05\/28\/los-alicantinos-dan-una-calurosa-bienvenida-a-los-mayas\/"},"modified":"2017-05-28T10:38:58","modified_gmt":"2017-05-28T10:38:58","slug":"los-alicantinos-dan-una-calurosa-bienvenida-a-los-mayas","status":"publish","type":"post","link":"https:\/\/marqalicante-admin.qwair.com\/va\/los-alicantinos-dan-una-calurosa-bienvenida-a-los-mayas\/","title":{"rendered":"Els alacantins donen una calorosa benvinguda als Mayas"},"content":{"rendered":"<p>&nbsp;&nbsp;<\/p>\n<p>&nbsp;<\/p>\n<p style='text-align: center;'><img alt='' src='\/contenido\/genericas\/PPAA Mayas foto.JPG' style='width: 225px; height: 225px;' \/><\/p>\n<p>&nbsp;<\/p>\n<p style='text-align: justify;'>M\u00e9s de 2.500 persones ja s&#039;han acostat al Museu Arqueol\u00f2gic d&#039;AIicante per celebrar el 15\u00e8 aniversari del Marq i visitar l&#039;exposici\u00f3 internacional Mayas. L&#039;enigma de les ciutats perdudes.<\/p>\n<p style='text-align: justify;'>Una mostra, formada per gaireb\u00e9 200 peces, que ens trasllada a la selva centreamericana, bressol de la cultura maia, per mostrar temples i palaus que amaguen encara misteriosos secrets entre els seus murs.<\/p>\n<p style='text-align: justify;'>La civilitzaci\u00f3 maia basava la seva economia en l&#039;agricultura i el comer\u00e7 i el dia a dia es regia per l&#039;exactitud dels seus calendaris, fruit d&#039;un excepcional coneixement matem\u00e0tic i astron\u00f2mic.<\/p>\n<p style='text-align: justify;'>EL Marq ha volgut compartir el complex i fascinant m\u00f3n maia amb tots els alacantins amb unes jornades de portes obertes que finalitzaran el diumenge a les 14h.<\/p>\n<p style='text-align: justify;'>Davant la placa que commemora la inauguraci\u00f3 del Museu l&#039;any 2002 a c\u00e0rrec de SM la Reina Donya Sofia, fam\u00edlies alacantines com els Sant Gregori Cano i els Tosao han volgut immortalitzar aquest dia i guardar un bonic record del nostre aniversari.<\/p>","protected":false},"excerpt":{"rendered":"<p>&nbsp;&nbsp; &nbsp; &nbsp; M&aacute;s de 2.500 personas se han acercado ya al Museo Arqueol&oacute;gico de<span class=\"excerpt-hellip\"> [\u2026]<\/span><\/p>\n","protected":false},"author":3,"featured_media":0,"comment_status":"open","ping_status":"open","sticky":false,"template":"","format":"standard","meta":{"kia_subtitle":"","footnotes":""},"categories":[],"tags":[],"class_list":["post-33944","post","type-post","status-publish","format-standard","hentry"],"meta_box":[],"_links":{"self":[{"href":"https:\/\/marqalicante-admin.qwair.com\/va\/wp-json\/wp\/v2\/posts\/33944","targetHints":{"allow":["GET"]}}],"collection":[{"href":"https:\/\/marqalicante-admin.qwair.com\/va\/wp-json\/wp\/v2\/posts"}],"about":[{"href":"https:\/\/marqalicante-admin.qwair.com\/va\/wp-json\/wp\/v2\/types\/post"}],"author":[{"embeddable":true,"href":"https:\/\/marqalicante-admin.qwair.com\/va\/wp-json\/wp\/v2\/users\/3"}],"replies":[{"embeddable":true,"href":"https:\/\/marqalicante-admin.qwair.com\/va\/wp-json\/wp\/v2\/comments?post=33944"}],"version-history":[{"count":0,"href":"https:\/\/marqalicante-admin.qwair.com\/va\/wp-json\/wp\/v2\/posts\/33944\/revisions"}],"wp:attachment":[{"href":"https:\/\/marqalicante-admin.qwair.com\/va\/wp-json\/wp\/v2\/media?parent=33944"}],"wp:term":[{"taxonomy":"category","embeddable":true,"href":"https:\/\/marqalicante-admin.qwair.com\/va\/wp-json\/wp\/v2\/categories?post=33944"},{"taxonomy":"post_tag","embeddable":true,"href":"https:\/\/marqalicante-admin.qwair.com\/va\/wp-json\/wp\/v2\/tags?post=33944"}],"curies":[{"name":"wp","href":"https:\/\/api.w.org\/{rel}","templated":true}]}}