{"id":33939,"date":"2017-05-20T10:28:49","date_gmt":"2017-05-20T10:28:49","guid":{"rendered":"https:\/\/marqalicante-admin.qwair.com\/2017\/05\/20\/coloquio-radiofonico-sobre-el-dia-internacional-de-los-museos\/"},"modified":"2017-05-20T10:28:49","modified_gmt":"2017-05-20T10:28:49","slug":"coloquio-radiofonico-sobre-el-dia-internacional-de-los-museos","status":"publish","type":"post","link":"https:\/\/marqalicante-admin.qwair.com\/va\/coloquio-radiofonico-sobre-el-dia-internacional-de-los-museos\/","title":{"rendered":"Col\u00b7loqui radiof\u00f2nic sobre el Dia Internacional dels Museus"},"content":{"rendered":"<p style='text-align: justify;'>&nbsp;<\/p>\n<p style='text-align: center;'><img alt='' src='\/contenido\/genericas\/SER Maca.jpg' style='width: 400px; height: 300px;' \/><\/p>\n<p style='text-align: justify;'>&nbsp;<\/p>\n<p style='text-align: justify;'>Jos\u00e9 Alberto Cort\u00e9s i Gema Sala, Director Gerent i Coordinadora de Did\u00e0ctica de la Fundaci\u00f3 MARQ, respectivament, van participar ahir al programa radiof\u00f2nic Avui Per Avui Alacant de la Cadena Ser, condu\u00eft per Carlos Arcaya. La retransmissi\u00f3 es va realitzar des del MACA amb motiu del Dia Internacional dels Museus on representants dels museus i centres culturals alacantins van parlar del paper dels museus a Alacant i de les seves propostes per a aquest cap de setmana de portes obertes. &nbsp;<\/p>","protected":false},"excerpt":{"rendered":"<p>&nbsp; &nbsp; Jos&eacute; Alberto Cort&eacute;s y Gema Sala, &nbsp;Director Gerente y &nbsp;Coordinadora de Did&aacute;ctica de<span class=\"excerpt-hellip\"> [\u2026]<\/span><\/p>\n","protected":false},"author":3,"featured_media":0,"comment_status":"open","ping_status":"open","sticky":false,"template":"","format":"standard","meta":{"kia_subtitle":"","footnotes":""},"categories":[],"tags":[],"class_list":["post-33939","post","type-post","status-publish","format-standard","hentry"],"meta_box":[],"_links":{"self":[{"href":"https:\/\/marqalicante-admin.qwair.com\/va\/wp-json\/wp\/v2\/posts\/33939","targetHints":{"allow":["GET"]}}],"collection":[{"href":"https:\/\/marqalicante-admin.qwair.com\/va\/wp-json\/wp\/v2\/posts"}],"about":[{"href":"https:\/\/marqalicante-admin.qwair.com\/va\/wp-json\/wp\/v2\/types\/post"}],"author":[{"embeddable":true,"href":"https:\/\/marqalicante-admin.qwair.com\/va\/wp-json\/wp\/v2\/users\/3"}],"replies":[{"embeddable":true,"href":"https:\/\/marqalicante-admin.qwair.com\/va\/wp-json\/wp\/v2\/comments?post=33939"}],"version-history":[{"count":0,"href":"https:\/\/marqalicante-admin.qwair.com\/va\/wp-json\/wp\/v2\/posts\/33939\/revisions"}],"wp:attachment":[{"href":"https:\/\/marqalicante-admin.qwair.com\/va\/wp-json\/wp\/v2\/media?parent=33939"}],"wp:term":[{"taxonomy":"category","embeddable":true,"href":"https:\/\/marqalicante-admin.qwair.com\/va\/wp-json\/wp\/v2\/categories?post=33939"},{"taxonomy":"post_tag","embeddable":true,"href":"https:\/\/marqalicante-admin.qwair.com\/va\/wp-json\/wp\/v2\/tags?post=33939"}],"curies":[{"name":"wp","href":"https:\/\/api.w.org\/{rel}","templated":true}]}}