{"id":33932,"date":"2017-05-08T00:00:00","date_gmt":"2017-05-08T00:00:00","guid":{"rendered":"https:\/\/marqalicante-admin.qwair.com\/2017\/05\/08\/viriato-de-oro-2017-para-el-reino-de-la-sal\/"},"modified":"2017-05-08T00:00:00","modified_gmt":"2017-05-08T00:00:00","slug":"viriato-de-oro-2017-para-el-reino-de-la-sal","status":"publish","type":"post","link":"https:\/\/marqalicante-admin.qwair.com\/va\/viriato-de-oro-2017-para-el-reino-de-la-sal\/","title":{"rendered":"Viriat d&#039;Or 2017 per a El Regne de la Sal"},"content":{"rendered":"<p>&nbsp;&nbsp;<img alt='' src='\/contenido\/genericas\/Domingo Rodes.jpg' style='width: 421px; height: 336px;' \/><\/p>\n<p style='text-align: justify;'><span style='text-align: justify;'>El MARQ s&#039;ha al\u00e7at amb el primer premi en la categoria de curtmetratges a l&#039;edici\u00f3 d&#039;enguany del Festival de Cinema Arqueol\u00f2gic de Castella i Lle\u00f3 amb la cinta \u201cEl Regne de la Sal. 7000 anys de Hallstat\u201d, dirigida per <\/span><strong style='text-align: justify;'>Diumenge Rodes Sala<\/strong><span style='text-align: justify;'> amb gui\u00f3 de <\/span><strong style='text-align: justify;'>Txiqui Mart\u00ednez Carri\u00f3n<\/strong><span style='text-align: justify;'>. El jurat del certamen va anunciar ahir el seu veredicte a la jornada de cloenda amb el lliurament de Premis celebrat al Teatre Principal de Zamora.<\/span><\/p>\n<p style='text-align: justify;'>La mostra ha tingut 25 participants entre documentals i curtmetratges, procedents de diferents regions d&#039;Espanya, aix\u00ed com de Fran\u00e7a, Argentina, Maced\u00f2nia, Portugal i els Estats Units. El Festival de Cinema Arqueol\u00f2gic de Castella i Lle\u00f3 s&#039;ha consolidat com a punt de trobada per a la presentaci\u00f3 de produccions vinculades amb l&#039;arqueologia, per mostrar al p\u00fablic de manera atractiva projectes de recerca, exposicions, jaciments, etc. i contribuir aix\u00ed a la difusi\u00f3 del patrimoni hist\u00f2ric.<\/p>\n<p style='text-align: justify;'>El Regne de la Sal ja va resultar guardonada amb el primer Premi del Festival Internacional de Cinema Arqueol\u00f2gic de Carolina (EUA) el novembre del 2015 i es va al\u00e7ar amb la Menci\u00f3 d&#039;Honor a la Narraci\u00f3 pel Jurat del TAC Festival d&#039;Oregon el maig d&#039;aquell mateix any.<\/p>","protected":false},"excerpt":{"rendered":"<p>&nbsp;&nbsp; El MARQ se ha alzado con el primer premio en la categor&iacute;a de cortometrajes<span class=\"excerpt-hellip\"> [\u2026]<\/span><\/p>\n","protected":false},"author":3,"featured_media":0,"comment_status":"open","ping_status":"open","sticky":false,"template":"","format":"standard","meta":{"kia_subtitle":"","footnotes":""},"categories":[],"tags":[],"class_list":["post-33932","post","type-post","status-publish","format-standard","hentry"],"meta_box":[],"_links":{"self":[{"href":"https:\/\/marqalicante-admin.qwair.com\/va\/wp-json\/wp\/v2\/posts\/33932","targetHints":{"allow":["GET"]}}],"collection":[{"href":"https:\/\/marqalicante-admin.qwair.com\/va\/wp-json\/wp\/v2\/posts"}],"about":[{"href":"https:\/\/marqalicante-admin.qwair.com\/va\/wp-json\/wp\/v2\/types\/post"}],"author":[{"embeddable":true,"href":"https:\/\/marqalicante-admin.qwair.com\/va\/wp-json\/wp\/v2\/users\/3"}],"replies":[{"embeddable":true,"href":"https:\/\/marqalicante-admin.qwair.com\/va\/wp-json\/wp\/v2\/comments?post=33932"}],"version-history":[{"count":0,"href":"https:\/\/marqalicante-admin.qwair.com\/va\/wp-json\/wp\/v2\/posts\/33932\/revisions"}],"wp:attachment":[{"href":"https:\/\/marqalicante-admin.qwair.com\/va\/wp-json\/wp\/v2\/media?parent=33932"}],"wp:term":[{"taxonomy":"category","embeddable":true,"href":"https:\/\/marqalicante-admin.qwair.com\/va\/wp-json\/wp\/v2\/categories?post=33932"},{"taxonomy":"post_tag","embeddable":true,"href":"https:\/\/marqalicante-admin.qwair.com\/va\/wp-json\/wp\/v2\/tags?post=33932"}],"curies":[{"name":"wp","href":"https:\/\/api.w.org\/{rel}","templated":true}]}}