{"id":33913,"date":"2017-04-11T00:00:00","date_gmt":"2017-04-11T00:00:00","guid":{"rendered":"https:\/\/marqalicante-admin.qwair.com\/2017\/04\/11\/lunes-santo-en-el-marq\/"},"modified":"2017-04-11T00:00:00","modified_gmt":"2017-04-11T00:00:00","slug":"lunes-santo-en-el-marq","status":"publish","type":"post","link":"https:\/\/marqalicante-admin.qwair.com\/va\/lunes-santo-en-el-marq\/","title":{"rendered":"Dilluns Sant al MARQ"},"content":{"rendered":"<p>&nbsp;<\/p>\n<p>&nbsp;<\/p>\n<p><img alt='' src='\/contenido\/genericas\/IMG_0353.JPG' style='width: 448px; height: 298px;' \/><\/p>\n<p style='text-align: justify;'>El president de la Junta Major de Germandats i Confraries de la Setmana Santa d&#039;Alacant, Alberto Pay\u00e1, i la diputada nacional Asunci\u00f3n S\u00e1nchez Zaplana, van presidir la process\u00f3 del Prendiment i la Mare de D\u00e9u del Consol, que va partir ahir a les 17.45h, Dilluns Sant , del pati del Museu Arqueol\u00f2gic Provincial.<\/p>\n<p style='text-align: justify;'>Com \u00e9s tradicional, els jardins del Marq van acollir les tasques d&#039;ornamentaci\u00f3 dels tres trons de la Germandat del Prendiment i la Mare de D\u00e9u del Consol i la sortida processional dels seus confrares. Les imatges de Lavatorio, El Prendimiento i de Nuestra Se\u00f1ora del Consuelo, del mestre Antonio Garc\u00eda Mengual, un cop acabat l&#039;arranjament floral, van quedar exposades al p\u00fablic des del migdia fins a l&#039;inici de la process\u00f3, en qu\u00e8 van ser acompanyades per l&#039;agrupaci\u00f3 musical La Simf\u00f2nica de Crevillent.<\/p>\n<p style='text-align: justify;'>Aquesta Germandat va ser constitu\u00efda al mar\u00e7 de 1996 ia l&#039;any seg\u00fcent va tenir lloc la seva primera sortida en process\u00f3. Fundada entre antics treballadors del Desaparegut Hospital Provincial, actualment el Marq, i ve\u00efns del barri del Pla. Per recordar el seu enlla\u00e7 sanitari, els seus portants i penitents vesteixen de verd i blanc.&nbsp;<\/p>","protected":false},"excerpt":{"rendered":"<p>&nbsp; &nbsp; El presidente de la Junta Mayor de Hermandades y Cofrad&iacute;as de la Semana<span class=\"excerpt-hellip\"> [\u2026]<\/span><\/p>\n","protected":false},"author":3,"featured_media":0,"comment_status":"open","ping_status":"open","sticky":false,"template":"","format":"standard","meta":{"kia_subtitle":"","footnotes":""},"categories":[],"tags":[],"class_list":["post-33913","post","type-post","status-publish","format-standard","hentry"],"meta_box":[],"_links":{"self":[{"href":"https:\/\/marqalicante-admin.qwair.com\/va\/wp-json\/wp\/v2\/posts\/33913","targetHints":{"allow":["GET"]}}],"collection":[{"href":"https:\/\/marqalicante-admin.qwair.com\/va\/wp-json\/wp\/v2\/posts"}],"about":[{"href":"https:\/\/marqalicante-admin.qwair.com\/va\/wp-json\/wp\/v2\/types\/post"}],"author":[{"embeddable":true,"href":"https:\/\/marqalicante-admin.qwair.com\/va\/wp-json\/wp\/v2\/users\/3"}],"replies":[{"embeddable":true,"href":"https:\/\/marqalicante-admin.qwair.com\/va\/wp-json\/wp\/v2\/comments?post=33913"}],"version-history":[{"count":0,"href":"https:\/\/marqalicante-admin.qwair.com\/va\/wp-json\/wp\/v2\/posts\/33913\/revisions"}],"wp:attachment":[{"href":"https:\/\/marqalicante-admin.qwair.com\/va\/wp-json\/wp\/v2\/media?parent=33913"}],"wp:term":[{"taxonomy":"category","embeddable":true,"href":"https:\/\/marqalicante-admin.qwair.com\/va\/wp-json\/wp\/v2\/categories?post=33913"},{"taxonomy":"post_tag","embeddable":true,"href":"https:\/\/marqalicante-admin.qwair.com\/va\/wp-json\/wp\/v2\/tags?post=33913"}],"curies":[{"name":"wp","href":"https:\/\/api.w.org\/{rel}","templated":true}]}}