{"id":33906,"date":"2017-03-29T00:00:00","date_gmt":"2017-03-29T00:00:00","guid":{"rendered":"https:\/\/marqalicante-admin.qwair.com\/2017\/03\/29\/un-marq-de-todos\/"},"modified":"2017-03-29T00:00:00","modified_gmt":"2017-03-29T00:00:00","slug":"un-marq-de-todos","status":"publish","type":"post","link":"https:\/\/marqalicante-admin.qwair.com\/va\/un-marq-de-todos\/","title":{"rendered":"Un MARQ de Tots"},"content":{"rendered":"<p>&nbsp;<\/p>\n<p><a href=\"https:\/\/www.rolex-chat.com\/\" target=\"_blank\" rel=\"noopener\">Rolex r\u00e8plica<\/a>&nbsp;<a href=\"https:\/\/www.rolex-chat.com\/\" target=\"_blank\" rel=\"noopener\">www.rolex-chat.com<\/a><\/p>\n<p style=\"text-align:center\"><img decoding=\"async\" alt=\"\" src=\"\/contenido\/genericas\/IMG-20170328-WA0006.jpg\" style=\"height:448px; width:336px\" \/><\/p>\n<p>&nbsp;<\/p>\n<p style=\"text-align:justify\">M\u00e9s de 150 persones van participar dissabte passat a la jornada festiva organitzada per ASAUTE-Alacant, l&#039;Associaci\u00f3 Aules de la Tercera Edat, als jardins del Marq. Un dia ple d&#039;energia, bon humor i moltes activitats que es va iniciar amb una mostra de balls tradicionals de la prov\u00edncia d&#039;Alacant i on no van faltar xerrades sobre la indument\u00e0ria dels segles XVIII i XIX i tallers. Tallers de manualitats com el de ventalls, on els participants van tenir l&#039;oportunitat de dissenyar i decorar ventalls amb motius art\u00edstics donant a con\u00e8ixer a m\u00e9s el llenguatge del ventall, i la import\u00e0ncia del seu \u00fas al llarg de la hist\u00f2ria, que revelava la posici\u00f3 social del seu amo, les seves creences religioses i els seus costums.<\/p>\n<p style=\"text-align:justify\">El MARQ, des de la Unitat Did\u00e0ctica, Accessibilitat i Inclusi\u00f3, aposta per programes com aquest, que contribueixen al creixement cultural i social de la gent gran i al di\u00e0leg intergeneracional. El MARQ esdev\u00e9 aix\u00ed un espai on es posa en valor l&#039;experi\u00e8ncia de la gent gran potenciant les relacions interpersonals i de conviv\u00e8ncia.<\/p>","protected":false},"excerpt":{"rendered":"<p>&nbsp; Rolex Replica&nbsp;www.rolex-chat.com &nbsp; M&aacute;s de 150 personas participaron el pasado s&aacute;bado en la jornada<span class=\"excerpt-hellip\"> [\u2026]<\/span><\/p>\n","protected":false},"author":3,"featured_media":0,"comment_status":"open","ping_status":"open","sticky":false,"template":"","format":"standard","meta":{"kia_subtitle":"","footnotes":""},"categories":[],"tags":[],"class_list":["post-33906","post","type-post","status-publish","format-standard","hentry"],"meta_box":[],"_links":{"self":[{"href":"https:\/\/marqalicante-admin.qwair.com\/va\/wp-json\/wp\/v2\/posts\/33906","targetHints":{"allow":["GET"]}}],"collection":[{"href":"https:\/\/marqalicante-admin.qwair.com\/va\/wp-json\/wp\/v2\/posts"}],"about":[{"href":"https:\/\/marqalicante-admin.qwair.com\/va\/wp-json\/wp\/v2\/types\/post"}],"author":[{"embeddable":true,"href":"https:\/\/marqalicante-admin.qwair.com\/va\/wp-json\/wp\/v2\/users\/3"}],"replies":[{"embeddable":true,"href":"https:\/\/marqalicante-admin.qwair.com\/va\/wp-json\/wp\/v2\/comments?post=33906"}],"version-history":[{"count":0,"href":"https:\/\/marqalicante-admin.qwair.com\/va\/wp-json\/wp\/v2\/posts\/33906\/revisions"}],"wp:attachment":[{"href":"https:\/\/marqalicante-admin.qwair.com\/va\/wp-json\/wp\/v2\/media?parent=33906"}],"wp:term":[{"taxonomy":"category","embeddable":true,"href":"https:\/\/marqalicante-admin.qwair.com\/va\/wp-json\/wp\/v2\/categories?post=33906"},{"taxonomy":"post_tag","embeddable":true,"href":"https:\/\/marqalicante-admin.qwair.com\/va\/wp-json\/wp\/v2\/tags?post=33906"}],"curies":[{"name":"wp","href":"https:\/\/api.w.org\/{rel}","templated":true}]}}