{"id":33891,"date":"2017-03-06T00:00:00","date_gmt":"2017-03-06T00:00:00","guid":{"rendered":"https:\/\/marqalicante-admin.qwair.com\/2017\/03\/06\/el-marq-recibe-a-mas-de-3-000-visitantes-en-el-ultimo-fin-de-semana-de-vikingos\/"},"modified":"2017-03-06T00:00:00","modified_gmt":"2017-03-06T00:00:00","slug":"el-marq-recibe-a-mas-de-3-000-visitantes-en-el-ultimo-fin-de-semana-de-vikingos","status":"publish","type":"post","link":"https:\/\/marqalicante-admin.qwair.com\/va\/el-marq-recibe-a-mas-de-3-000-visitantes-en-el-ultimo-fin-de-semana-de-vikingos\/","title":{"rendered":"El MARQ rep m\u00e9s de 3.000 visitants a l&#039;\u00daltim cap de setmana de Vikings"},"content":{"rendered":"<p class='CuerpoA' style='text-align: center;'><img alt='' src='\/contenido\/genericas\/IMG-20170305-WA0006_1488784278182.jpg' style='width: 350px; height: 467px;' \/><\/p>\n<p class='CuerpoA' style='text-align: justify;'>&nbsp;<\/p>\n<p class='CuerpoA' style='text-align: justify;'><span class='Ninguno'><span lang='ES-TRAD' style='font-size:12.0pt'>El Museu Arqueol\u00f2gic d&#039;Alacant ha viscut aquest diumenge una jornada festiva i multitudin\u00e0ria de portes obertes en qu\u00e8 1.650 persones, la majoria fam\u00edlies alacantines, han visitat l&#039;exposici\u00f3 \u201cVikingos. Guerrers del Nord. Gegants del mar\u201d. Aquest ha estat l&#039;inter\u00e8s despertat per aquesta mostra, que gaireb\u00e9 mig centenar de persones esperaven a les portes del museu des de gaireb\u00e9 una hora abans de la seva obertura per ser els primers a gaudir d&#039;aquest diumenge d&#039;acc\u00e9s gratu\u00eft al Marq; la gran aflu\u00e8ncia de p\u00fablic ha provocat en diversos moments del mat\u00ed cues que han arribat a envoltar la fa\u00e7ana del museu. Dissabte, vig\u00edlia de la clausura v\u00edking, tamb\u00e9 van passar pel museu ni m\u00e9s ni menys que 1.495 persones, cosa que ens ofereix un balan\u00e7 de 3.145 persones en tan sols un parell de dies. <o_p><\/o_p><\/span><\/span><\/p>\n<p class='CuerpoAA' style='text-align:justify;tab-stops:36.0pt'><span style='font-size: 12pt;'>El Marq acomiada aix\u00ed les 663 peces exhibides per primera vegada fora de Dinamarca, que ens han perm\u00e8s descobrir la sorprenent Edat Vikinga, una \u00e8poca que va convulsionar Europa des dels seus fonaments, amb el terror, per la ferocitat dels seus atacs, per\u00f2 tamb\u00e9 amb la saviesa i l&#039;espiritualitat que els pobles del Nord van expandir a mida.<\/span><\/p>\n<p class='CuerpoAA' style='text-align:justify;tab-stops:36.0pt'><span style='font-size: 12pt;'>Vikings ha consolidat el Marq com una refer\u00e8ncia tur\u00edstica i cultural accessible i de qualitat. Des d&#039;Alacant, despr\u00e9s de les delicades feines de desmuntatge, l&#039;exposici\u00f3 viatjar\u00e0 al Museu de la Marina a Lisboa (Portugal), on es podr\u00e0 visitar a partir del 12 abril.<\/span><\/p>\n<p class='CuerpoAA' style='text-align:justify;tab-stops:36.0pt'><span style='font-size: 12pt;'>El Marq ja est\u00e0 treballant en l&#039;organitzaci\u00f3 de la que ser\u00e0 la seva propera exposici\u00f3 internacional, \u201cMayas. El misteri de les ciutats perdudes\u201d, que arribar\u00e0 a Alacant el proper 25 de maig, coincidint amb el 15\u00e8 aniversari del museu a la seva ubicaci\u00f3 actual\u2026 la festa continua al Marq!<\/span><\/p>","protected":false},"excerpt":{"rendered":"<p>&nbsp; El Museo Arqueol&oacute;gico de Alicante ha vivido este domingo una jornada festiva y multitudinaria<span class=\"excerpt-hellip\"> [\u2026]<\/span><\/p>\n","protected":false},"author":3,"featured_media":0,"comment_status":"open","ping_status":"open","sticky":false,"template":"","format":"standard","meta":{"kia_subtitle":"","footnotes":""},"categories":[],"tags":[],"class_list":["post-33891","post","type-post","status-publish","format-standard","hentry"],"meta_box":[],"_links":{"self":[{"href":"https:\/\/marqalicante-admin.qwair.com\/va\/wp-json\/wp\/v2\/posts\/33891","targetHints":{"allow":["GET"]}}],"collection":[{"href":"https:\/\/marqalicante-admin.qwair.com\/va\/wp-json\/wp\/v2\/posts"}],"about":[{"href":"https:\/\/marqalicante-admin.qwair.com\/va\/wp-json\/wp\/v2\/types\/post"}],"author":[{"embeddable":true,"href":"https:\/\/marqalicante-admin.qwair.com\/va\/wp-json\/wp\/v2\/users\/3"}],"replies":[{"embeddable":true,"href":"https:\/\/marqalicante-admin.qwair.com\/va\/wp-json\/wp\/v2\/comments?post=33891"}],"version-history":[{"count":0,"href":"https:\/\/marqalicante-admin.qwair.com\/va\/wp-json\/wp\/v2\/posts\/33891\/revisions"}],"wp:attachment":[{"href":"https:\/\/marqalicante-admin.qwair.com\/va\/wp-json\/wp\/v2\/media?parent=33891"}],"wp:term":[{"taxonomy":"category","embeddable":true,"href":"https:\/\/marqalicante-admin.qwair.com\/va\/wp-json\/wp\/v2\/categories?post=33891"},{"taxonomy":"post_tag","embeddable":true,"href":"https:\/\/marqalicante-admin.qwair.com\/va\/wp-json\/wp\/v2\/tags?post=33891"}],"curies":[{"name":"wp","href":"https:\/\/api.w.org\/{rel}","templated":true}]}}