{"id":33888,"date":"2017-03-01T00:00:00","date_gmt":"2017-03-01T00:00:00","guid":{"rendered":"https:\/\/marqalicante-admin.qwair.com\/2017\/03\/01\/el-marq-despide-vikingos-con-puertas-abiertas\/"},"modified":"2017-03-01T00:00:00","modified_gmt":"2017-03-01T00:00:00","slug":"el-marq-despide-vikingos-con-puertas-abiertas","status":"publish","type":"post","link":"https:\/\/marqalicante-admin.qwair.com\/va\/el-marq-despide-vikingos-con-puertas-abiertas\/","title":{"rendered":"El MARQ acomiada Vikings amb portes obertes"},"content":{"rendered":"<p class='CuerpoA' style='text-align: center;'><img alt='' src='\/contenido\/genericas\/5 marzo.jpg' style='width: 300px; height: 425px;' \/><\/p>\n<p class='CuerpoA' style='text-align: justify;'>&nbsp;<\/p>\n<p class='CuerpoA' style='text-align: justify;'>&nbsp;<\/p>\n<p class='CuerpoA' style='text-align: justify;'><span lang='ES-TRAD'>El MARQ posar\u00e0 el fermall final a l&#039;exposici\u00f3 \u201cVikingos. Guerrers del Nord. Gegants del mar\u201d, amb una jornada festiva de portes obertes el proper diumenge 5 de mar\u00e7, despr\u00e9s de l&#039;acord aconseguit al Comit\u00e8 Executiu a proposta del seu President, C\u00e9sar S\u00e1nchez, en sessi\u00f3 celebrada aquest dimecres 1 de mar\u00e7. Mostra visitada des de la seva inauguraci\u00f3 el 19 de maig de 2016 passat per m\u00e9s de 97.000 persones.&nbsp;&nbsp; <o_p><\/o_p><\/span><\/p>\n<p class='CuerpoA' style='text-align: justify;'><span class='Ninguno'><span lang='ES-TRAD'>S\u00f3n 663 peces exhibides per primer cop fora de Dinamarca, que ens han perm\u00e8s descobrir amb detall la fascinant Edat Vikinga. U<\/span><\/span><span class='Ninguno'><span lang='IT'>n per<\/span><span lang='ES-TRAD'>\u00ed<\/span><\/span><span class='Ninguno'><span lang='PT'>odo <\/span><span lang='ES-TRAD'>que abasta dels segles IX al XI, en qu\u00e8 Europa va patir importants i convulsos canvis. Sovint associem la imatge dels v\u00edkings amb colonitzaci\u00f3, conquesta i saquejos, per\u00f2 la visita a l&#039;exposici\u00f3 del Marq evidencia que tamb\u00e9 es tractava d&#039;un poble profundament religi\u00f3s, agr\u00edcola, amb una estructura familiar molt arrelada, ben organitzat i que, a m\u00e9s, va impulsar el desenvolupament de la navegaci\u00f3, el comer\u00e7, l&#039;artesania especialitzada i les xarxes de comunicaci\u00f3 entre les ciutats.<\/span><\/span><\/p>\n<p class='CuerpoA' style='text-align: justify;'>Vikingos ha ratificat el Marq no nom\u00e9s com una de les principals apostes culturals d&#039;Alacant sin\u00f3 tamb\u00e9 com una destinaci\u00f3 tur\u00edstica de qualitat, al servei de tots els p\u00fablics amb independ\u00e8ncia de les diferents capacitats o coneixements. L&#039;inter\u00e8s despertat per la civilitzaci\u00f3 v\u00edking va propiciar el desembre formal acord entre el Museu Nacional de Dinamarca i el Marq que va possibilitar que l&#039;exposici\u00f3 prolongu\u00e9s la seva estada a Alacant fins al 5 de mar\u00e7, per viatjar des d&#039;aqu\u00ed al Museu de la Marina a Lisboa (Portugal), on es podr\u00e0 visitar a partir del 12 abril.&nbsp;<\/p>","protected":false},"excerpt":{"rendered":"<p>&nbsp; &nbsp; El MARQ pondr&aacute; el broche final a la exposici&oacute;n &ldquo;Vikingos. Guerreros del Norte.<span class=\"excerpt-hellip\"> [\u2026]<\/span><\/p>\n","protected":false},"author":3,"featured_media":0,"comment_status":"open","ping_status":"open","sticky":false,"template":"","format":"standard","meta":{"kia_subtitle":"","footnotes":""},"categories":[],"tags":[],"class_list":["post-33888","post","type-post","status-publish","format-standard","hentry"],"meta_box":[],"_links":{"self":[{"href":"https:\/\/marqalicante-admin.qwair.com\/va\/wp-json\/wp\/v2\/posts\/33888","targetHints":{"allow":["GET"]}}],"collection":[{"href":"https:\/\/marqalicante-admin.qwair.com\/va\/wp-json\/wp\/v2\/posts"}],"about":[{"href":"https:\/\/marqalicante-admin.qwair.com\/va\/wp-json\/wp\/v2\/types\/post"}],"author":[{"embeddable":true,"href":"https:\/\/marqalicante-admin.qwair.com\/va\/wp-json\/wp\/v2\/users\/3"}],"replies":[{"embeddable":true,"href":"https:\/\/marqalicante-admin.qwair.com\/va\/wp-json\/wp\/v2\/comments?post=33888"}],"version-history":[{"count":0,"href":"https:\/\/marqalicante-admin.qwair.com\/va\/wp-json\/wp\/v2\/posts\/33888\/revisions"}],"wp:attachment":[{"href":"https:\/\/marqalicante-admin.qwair.com\/va\/wp-json\/wp\/v2\/media?parent=33888"}],"wp:term":[{"taxonomy":"category","embeddable":true,"href":"https:\/\/marqalicante-admin.qwair.com\/va\/wp-json\/wp\/v2\/categories?post=33888"},{"taxonomy":"post_tag","embeddable":true,"href":"https:\/\/marqalicante-admin.qwair.com\/va\/wp-json\/wp\/v2\/tags?post=33888"}],"curies":[{"name":"wp","href":"https:\/\/api.w.org\/{rel}","templated":true}]}}