{"id":33886,"date":"2017-02-23T00:00:00","date_gmt":"2017-02-23T00:00:00","guid":{"rendered":"https:\/\/marqalicante-admin.qwair.com\/2017\/02\/23\/la-exposicion-itinerante-de-la-once-se-podra-visitar-en-el-marq-hasta-el-proximo-domingo-26-febrero\/"},"modified":"2017-02-23T00:00:00","modified_gmt":"2017-02-23T00:00:00","slug":"la-exposicion-itinerante-de-la-once-se-podra-visitar-en-el-marq-hasta-el-proximo-domingo-26-febrero","status":"publish","type":"post","link":"https:\/\/marqalicante-admin.qwair.com\/va\/la-exposicion-itinerante-de-la-once-se-podra-visitar-en-el-marq-hasta-el-proximo-domingo-26-febrero\/","title":{"rendered":"L&#039;exposici\u00f3 itinerant de l&#039;ONCE es podr\u00e0 visitar al MARQ fins el proper diumenge 26 febrer"},"content":{"rendered":"<p>&nbsp;<\/p>\n<p>&nbsp;<\/p>\n<p>&nbsp;<\/p>\n<p><img alt='' src='\/contenido\/genericas\/IMG_3394(4).JPG' style='width: 448px; height: 252px;' \/><\/p>\n<p>&nbsp;<\/p>\n<p style='text-align: justify;'>&nbsp; &nbsp; &nbsp;L&#039;Exposici\u00f3 itinerant que <strong>celebra el 25\u00e8 aniversari del Museu Tiflol\u00f2gic <\/strong>que l&#039;ONCE t\u00e9 a la seva seu madrilenya i que es troba a la Biblioteca del MARQ, tancar\u00e0 les portes el proper diumenge 26 de febrer.<\/p>\n<p style='text-align: justify;'>&nbsp; &nbsp; &nbsp; La Mostra exhibeix <strong>material tifol\u00f2gic<\/strong> que han utilitzat o utilitzen persones cegues, com una <strong>pauta d&#039;escriptura<\/strong> amb car\u00e0cters visuals, un <strong>\u00e0bac<\/strong>, una <strong>m\u00e0quina calculadora<\/strong> o el <strong>Llibre d&#039;Escriptura de Llorens<\/strong>, datat el 1872. Cal destacar que totes les peces compten amb els t\u00edtols en <strong>Braille i estan prove\u00efdes de codis QR<\/strong> a m\u00e9s de <strong><em>beepcons<\/em><\/strong>, unes balises de guiatge per facilitar la identificaci\u00f3 i localitzaci\u00f3 dels objectes propers. Una exposici\u00f3 que reuneix <strong>31 peces<\/strong> entre quadres, fotografies, escultures o maquetes, a m\u00e9s d&#039;utensilis relacionats amb la tiflologia. En definitiva, una col\u00b7lecci\u00f3 que conforma un petit <strong>&quot;museu d&#039;objectes&quot;<\/strong> i posa a disposici\u00f3 del visitant art per veure i tocar, aix\u00ed com obres realitzades per persones amb discapacitat visual greu.<\/p>\n<p style='text-align: justify;'>&nbsp; &nbsp; &nbsp; El <strong>Museu Tiflol\u00f2gic de l&#039;ONCE<\/strong> \u00e9s un espai concebut perqu\u00e8 els seus visitants puguin veure i tocar les peces, encara que la seva idiosincr\u00e0sia es basa en el fet que <strong>va n\u00e9ixer per decisi\u00f3 dels seus usuaris i est\u00e0 dissenyat per aquests, a mida de les seves necessitats<\/strong>. S&#039;hi exhibeix el patrimoni cultural de l&#039;organitzaci\u00f3 i acull tamb\u00e9 <strong>mostres temporals<\/strong> i d&#039;extensi\u00f3 muse\u00edstica a trav\u00e9s de la <strong>exposici\u00f3 itinerant<\/strong> dels seus fons. Tot aix\u00f2 amb l&#039;objectiu de <strong>promocionar i satisfer les necessitats culturals de les persones amb discapacitat visual greu<\/strong>.&nbsp;<\/p>\n<p style='text-align: justify;'>&nbsp; &nbsp; &nbsp; Des del MARQ s&#039;est\u00e0 duent a terme la <strong>campanya \u201cPosa&#039;t al meu lloc\u201d<\/strong> adre\u00e7ada a tots els escolars en qu\u00e8 realitzen activitats de sensibilitzaci\u00f3 que tenen com a objectiu acostar-los a la realitat de les persones cegues. Educar en el respecte a la diversitat aix\u00ed com gaudir-ne ampliant els sentits \u00e9s la proposta d&#039;aquesta mostra.<\/p>\n<p style='text-align: justify;'><strong>&nbsp; &nbsp; &nbsp; Fins avui l&#039;exposici\u00f3 ha estat visitada per prop de 2500 persones<\/strong>entre les quals trobem molts grups relacionats amb l&#039;accessibilitat i la responsabilitat social com a membres que pertanyen a l&#039;ONCE d&#039;Alacant, persones sordcegues d&#039;ASOCIDE, membres i familiars d&#039;APSA, joves d&#039;AODI, Centres socials Comunitaris, membres d&#039;APCA i altres associacions.<\/p>\n<p style='text-align: justify;'>&nbsp;<\/p>","protected":false},"excerpt":{"rendered":"<p>&nbsp; &nbsp; &nbsp; &nbsp; &nbsp; &nbsp; &nbsp;La Exposici&oacute;n itinerante que celebra el 25 aniversario del<span class=\"excerpt-hellip\"> [\u2026]<\/span><\/p>\n","protected":false},"author":3,"featured_media":0,"comment_status":"open","ping_status":"open","sticky":false,"template":"","format":"standard","meta":{"kia_subtitle":"","footnotes":""},"categories":[],"tags":[],"class_list":["post-33886","post","type-post","status-publish","format-standard","hentry"],"meta_box":[],"_links":{"self":[{"href":"https:\/\/marqalicante-admin.qwair.com\/va\/wp-json\/wp\/v2\/posts\/33886","targetHints":{"allow":["GET"]}}],"collection":[{"href":"https:\/\/marqalicante-admin.qwair.com\/va\/wp-json\/wp\/v2\/posts"}],"about":[{"href":"https:\/\/marqalicante-admin.qwair.com\/va\/wp-json\/wp\/v2\/types\/post"}],"author":[{"embeddable":true,"href":"https:\/\/marqalicante-admin.qwair.com\/va\/wp-json\/wp\/v2\/users\/3"}],"replies":[{"embeddable":true,"href":"https:\/\/marqalicante-admin.qwair.com\/va\/wp-json\/wp\/v2\/comments?post=33886"}],"version-history":[{"count":0,"href":"https:\/\/marqalicante-admin.qwair.com\/va\/wp-json\/wp\/v2\/posts\/33886\/revisions"}],"wp:attachment":[{"href":"https:\/\/marqalicante-admin.qwair.com\/va\/wp-json\/wp\/v2\/media?parent=33886"}],"wp:term":[{"taxonomy":"category","embeddable":true,"href":"https:\/\/marqalicante-admin.qwair.com\/va\/wp-json\/wp\/v2\/categories?post=33886"},{"taxonomy":"post_tag","embeddable":true,"href":"https:\/\/marqalicante-admin.qwair.com\/va\/wp-json\/wp\/v2\/tags?post=33886"}],"curies":[{"name":"wp","href":"https:\/\/api.w.org\/{rel}","templated":true}]}}