{"id":33884,"date":"2017-02-16T00:00:00","date_gmt":"2017-02-16T00:00:00","guid":{"rendered":"https:\/\/marqalicante-admin.qwair.com\/2017\/02\/16\/el-marq-y-la-asociacion-de-aulas-de-la-tercera-edad-convocan-un-certamen-de-relatos-breves-dibujo-y-pintura\/"},"modified":"2017-02-16T00:00:00","modified_gmt":"2017-02-16T00:00:00","slug":"el-marq-y-la-asociacion-de-aulas-de-la-tercera-edad-convocan-un-certamen-de-relatos-breves-dibujo-y-pintura","status":"publish","type":"post","link":"https:\/\/marqalicante-admin.qwair.com\/va\/el-marq-y-la-asociacion-de-aulas-de-la-tercera-edad-convocan-un-certamen-de-relatos-breves-dibujo-y-pintura\/","title":{"rendered":"El MARQ i l\u00b4Associaci\u00f3 d\u00b4Aules de la Tercera Edat, Convoquen un Certamen de Relats Breus, Dibuix i Pintura"},"content":{"rendered":"<p style='text-align: center;'><img alt='' src='\/contenido\/genericas\/poster A4.jpg' style='width: 250px; height: 353px;' \/><\/p>\n<p style='text-align: justify;'>&nbsp;<\/p>\n<p style='text-align: justify;'>&nbsp;<\/p>\n<p style='text-align: justify;'>La convocat\u00f2ria del concurs VIV\u00c8NCIES III \u00e9s la primera iniciativa posada en marxa despr\u00e9s de la signatura del Conveni de col\u00b7laboraci\u00f3 entre el MARQ i les Aules de la Tercera Edat de l&#039;Associaci\u00f3 Cultural ASAUTE. Fonamentalment, es tracta de contribuir al creixement cultural i social de la gent gran; afavorir la solidaritat i el di\u00e0leg intergeneracional i potenciar la integraci\u00f3 social i la valoraci\u00f3 de lexperi\u00e8ncia.<\/p>\n<p style='text-align: justify;'>Aquest concurs consisteix, per una banda, en la presentaci\u00f3 de relats breus relacionats amb les viv\u00e8ncies, la mem\u00f2ria i els records de la Prov\u00edncia d&#039;Alacant: professions antigues, l&#039;educaci\u00f3, els costums, la vida quotidiana, la moda, etc. I, d&#039;altra banda, en la realitzaci\u00f3 de treballs de Dibuix i Pintura la tem\u00e0tica dels quals pot estar referida al MARQ o als seus jaciments: la Fa\u00e7ana del MARQ, el Tossal de Manises (la ciutat romana de Lucentum), la Illeta dels Banyets a Campello, el jaciment prehist\u00f2ric del Pla de Petracos a La Castell de Petracos. Els participants han de ser alumnes de ASAUTE, tal com figura a les bases.<\/p>\n<p style='text-align: justify;'>Aquestes bases del Concurs \u201cVIV\u00c8NCIES III\u201d es poden consultar <a href='\/contenido\/genericas\/BASES CONCURSO VIVIENCIAS III definitivas.pdf'><u><strong>punxant aqu\u00ed<\/strong><\/u><\/a> i els treballs es poden presentar a partir del 3 dabril i fins al 26 de maig. Les obres, que han de ser originals i in\u00e8dites, seran qualificades per un jurat compost per cinc persones representants de totes dues entitats. En totes les modalitats \u2013relats, dibuixos i pintures\u2013 se seleccionaran tres autors premiats.<\/p>","protected":false},"excerpt":{"rendered":"<p>&nbsp; &nbsp; La convocatoria del concurso &ldquo;VIVENCIAS III&rdquo; es la primera iniciativa puesta en marcha<span class=\"excerpt-hellip\"> [\u2026]<\/span><\/p>\n","protected":false},"author":3,"featured_media":0,"comment_status":"open","ping_status":"open","sticky":false,"template":"","format":"standard","meta":{"kia_subtitle":"","footnotes":""},"categories":[],"tags":[],"class_list":["post-33884","post","type-post","status-publish","format-standard","hentry"],"meta_box":[],"_links":{"self":[{"href":"https:\/\/marqalicante-admin.qwair.com\/va\/wp-json\/wp\/v2\/posts\/33884","targetHints":{"allow":["GET"]}}],"collection":[{"href":"https:\/\/marqalicante-admin.qwair.com\/va\/wp-json\/wp\/v2\/posts"}],"about":[{"href":"https:\/\/marqalicante-admin.qwair.com\/va\/wp-json\/wp\/v2\/types\/post"}],"author":[{"embeddable":true,"href":"https:\/\/marqalicante-admin.qwair.com\/va\/wp-json\/wp\/v2\/users\/3"}],"replies":[{"embeddable":true,"href":"https:\/\/marqalicante-admin.qwair.com\/va\/wp-json\/wp\/v2\/comments?post=33884"}],"version-history":[{"count":0,"href":"https:\/\/marqalicante-admin.qwair.com\/va\/wp-json\/wp\/v2\/posts\/33884\/revisions"}],"wp:attachment":[{"href":"https:\/\/marqalicante-admin.qwair.com\/va\/wp-json\/wp\/v2\/media?parent=33884"}],"wp:term":[{"taxonomy":"category","embeddable":true,"href":"https:\/\/marqalicante-admin.qwair.com\/va\/wp-json\/wp\/v2\/categories?post=33884"},{"taxonomy":"post_tag","embeddable":true,"href":"https:\/\/marqalicante-admin.qwair.com\/va\/wp-json\/wp\/v2\/tags?post=33884"}],"curies":[{"name":"wp","href":"https:\/\/api.w.org\/{rel}","templated":true}]}}