{"id":33873,"date":"2017-01-03T00:00:00","date_gmt":"2017-01-03T00:00:00","guid":{"rendered":"https:\/\/marqalicante-admin.qwair.com\/2017\/01\/03\/ultimos-dias-para-disfrutar-en-el-marq-de-la-exposicion-uruguay-en-guarani-presencia-indigena-misionera\/"},"modified":"2017-01-03T00:00:00","modified_gmt":"2017-01-03T00:00:00","slug":"ultimos-dias-para-disfrutar-en-el-marq-de-la-exposicion-uruguay-en-guarani-presencia-indigena-misionera","status":"publish","type":"post","link":"https:\/\/marqalicante-admin.qwair.com\/va\/ultimos-dias-para-disfrutar-en-el-marq-de-la-exposicion-uruguay-en-guarani-presencia-indigena-misionera\/","title":{"rendered":"\u00daltims dies per gaudir al MARQ de l&#039;exposici\u00f3 Uruguai a Guaran\u00ed. Pres\u00e8ncia Ind\u00edgena Missionera"},"content":{"rendered":"<p style='text-align: justify;'>&nbsp; &nbsp; &nbsp;<\/p>\n<p style='text-align: justify;'>&nbsp;<\/p>\n<p style='text-align: justify;'>&nbsp;&nbsp;<\/p>\n<p style='text-align: center;'><img alt='' src='\/contenido\/genericas\/aruguay_en_guarani_marq_alicante.jpg' style='width: 300px; height: 200px;' \/><\/p>\n<p style='text-align: justify;'>&nbsp;<\/p>\n<p style='text-align: justify;'>&nbsp; &nbsp; L&#039;exposici\u00f3 temporal <em>\u201c<strong>Uruguai a Guaran\u00ed<\/strong>.<strong>Pres\u00e8ncia Ind\u00edgena Missionera<\/strong>\u201d <\/em>afronta els seus \u00faltims dies al Museu Arqueol\u00f2gic d&#039;Alacant, on romandr\u00e0 <strong>fins el proper diumenge 8 de gener<\/strong>. Des que va obrir les portes a finals del mes de juny passat, <strong>prop de 65.000 persones<\/strong> han visitat al MARQ aquesta interessant col\u00b7lecci\u00f3, composta per <strong>m\u00e9s de trenta peces de fusta policromada<\/strong> de tem\u00e0tica religiosa realitzades pels ind\u00edgenes missioners a les fundacions de la Companyia de Jes\u00fas, ubicades al nord del Riu Negre.<\/p>\n<p style='text-align: justify;'>&nbsp;&nbsp;&nbsp;&nbsp;&nbsp;&nbsp;&nbsp;&nbsp; La mostra, que s&#039;exhibeix a la <strong>Sala Noble de la Biblioteca<\/strong> <strong>del museu<\/strong>, ofereix al p\u00fablic l&#039;oportunitat de descobrir l&#039;apassionant <strong>hist\u00f2ria de la fundaci\u00f3 d&#039;aquests pobles missioners<\/strong> situats al nord de l&#039;actual territori uruguai\u00e0, on els Jesu\u00eftes van realitzar una intensa tasca pedag\u00f2gica durant el segle XVII, col\u00b7laborant i protegint, la majoria, grups d&#039;agricultors guaran\u00eds. A m\u00e9s, una de les estrat\u00e8gies utilitzada pels Jesu\u00eftes per facilitar la conversi\u00f3 dels ind\u00edgenes va estar lligada a la reproducci\u00f3 massiva d&#039;imatges religioses.<\/p>\n<p style='text-align: justify;'>&nbsp; &nbsp; &nbsp; En aquest sentit, el diputat de Cultura i Educaci\u00f3, <strong>C\u00e8sar Augusto Asencio<\/strong>,ha assenyalat que \u201c<u>la llavor pedag\u00f2gica sembrada pels Jesu\u00eftes va generar els anomenats ind\u00edgenes missioners, un grup de persones amb trets f\u00edsics de l&#039;\u00e8tnia aborigen i comportament occidental que van arribar a conformar un sistema socioecon\u00f2mic propi. Gr\u00e0cies a la seva habilitat per tallar fusta, aconseguiren crear obres art d&#039;enorme bellesa i simbolisme, fruit de l&#039;aprenentatge i coneixement d&#039;artesans que reprodu\u00efen de forma massiva t\u00e8cniques i models de la iconografia cat\u00f2lica<\/u>\u201d.<\/p>\n<p style='text-align: justify;'>&nbsp; &nbsp; &nbsp; &nbsp; &nbsp;El <strong>fi del projecte jesu\u00edtic<\/strong> <strong>va arribar amb la publicaci\u00f3 de la Pragm\u00e0tica Sanci\u00f3 de l&#039;any 1767<\/strong> per la qual el rei Carles III els expulsava de tots els dominis de la Corona d&#039;Espanya, incloent els d&#039;Ultramar, i clausurava les seves missions, lliurant-les a administradors espanyols dependents del govern colonial.<strong>Els Jesu\u00eftes van ser reempla\u00e7ats per altres ordres<\/strong>, com els Mercedaris, els Franciscans i els Benedictins, els qui van continuar amb el pla educador tra\u00e7at originalment per la Companyia de Jes\u00fas.<\/p>\n<p style='text-align: justify;'>&nbsp; &nbsp; &nbsp; &nbsp; &nbsp;Asencio, que ha animat tots els ciutadans a visitar aquesta mostra, ha recordat que \u201c<u>la Diputaci\u00f3 d&#039;Alacant, en el seu afany per acostar la cultura a tots els ciutadans, fa un esfor\u00e7 important per portar al MARQ ia altres museus de la prov\u00edncia col\u00b7leccions de gran valor hist\u00f2ric i patrimonial. Aix\u00ed mateix, gr\u00e0cies a aquest tipus d&#039;exposicions internacionals, aconsegueix oferir un producte complementari de qualitat que ajuda a enriquir l&#039;oferta tur\u00edstica que atresora la Costa Blanca<\/u>\u201d.<\/p>\n<p style='text-align: justify;'>&nbsp; &nbsp; &nbsp; La mostra es completa amb una <strong>selecci\u00f3 de materials arqueol\u00f2gics procedents de l&#039;extint poble de Sant Francesc de Borja del Y\u00ed<\/strong> (1833-1862). A trav\u00e9s d&#039;aquests objectes, de gran valor testimonial i documental, el visitant podr\u00e0 percebre la incid\u00e8ncia del sistema missioner jesu\u00edtic a la vida quotidiana i els processos socials que van tenir lloc al territori uruguai\u00e0 a partir del segle XVIII.<\/p>\n<p style='text-align: justify;'><em>&nbsp; &nbsp; &nbsp; \u201cUruguai a Guaran\u00ed. Pres\u00e8ncia ind\u00edgena missionera\u201d <\/em>destaca especialment per la pres\u00e8ncia de <strong>elements adaptats per facilitar l&#039;acc\u00e9s als continguts de les persones amb discapacitat<\/strong>, com reproduccions de peces en tres dimensions o textos en braille. La mostra, que ha estat <strong>declarada d&#039;inter\u00e8s nacional<\/strong>, est\u00e0 realitzada en col\u00b7laboraci\u00f3 amb el Museu d&#039;Art Precolomb\u00ed i Ind\u00edgena de Montevideo, la Fundaci\u00f3, la Intend\u00e8ncia de Montevideo i l&#039;Ambaixada de l&#039;Uruguai a Espanya.<\/p>\n<p style='text-align: justify;'>&nbsp;<\/p>\n<p style='text-align: justify;'>&nbsp; &nbsp; &nbsp; &nbsp; &nbsp;<\/p>","protected":false},"excerpt":{"rendered":"<p>&nbsp; &nbsp; &nbsp; &nbsp; &nbsp;&nbsp; &nbsp; &nbsp; &nbsp; La exposici&oacute;n temporal &ldquo;Uruguay en Guaran&iacute;.Presencia Ind&iacute;gena<span class=\"excerpt-hellip\"> [\u2026]<\/span><\/p>\n","protected":false},"author":3,"featured_media":0,"comment_status":"open","ping_status":"open","sticky":false,"template":"","format":"standard","meta":{"kia_subtitle":"","footnotes":""},"categories":[],"tags":[],"class_list":["post-33873","post","type-post","status-publish","format-standard","hentry"],"meta_box":[],"_links":{"self":[{"href":"https:\/\/marqalicante-admin.qwair.com\/va\/wp-json\/wp\/v2\/posts\/33873","targetHints":{"allow":["GET"]}}],"collection":[{"href":"https:\/\/marqalicante-admin.qwair.com\/va\/wp-json\/wp\/v2\/posts"}],"about":[{"href":"https:\/\/marqalicante-admin.qwair.com\/va\/wp-json\/wp\/v2\/types\/post"}],"author":[{"embeddable":true,"href":"https:\/\/marqalicante-admin.qwair.com\/va\/wp-json\/wp\/v2\/users\/3"}],"replies":[{"embeddable":true,"href":"https:\/\/marqalicante-admin.qwair.com\/va\/wp-json\/wp\/v2\/comments?post=33873"}],"version-history":[{"count":0,"href":"https:\/\/marqalicante-admin.qwair.com\/va\/wp-json\/wp\/v2\/posts\/33873\/revisions"}],"wp:attachment":[{"href":"https:\/\/marqalicante-admin.qwair.com\/va\/wp-json\/wp\/v2\/media?parent=33873"}],"wp:term":[{"taxonomy":"category","embeddable":true,"href":"https:\/\/marqalicante-admin.qwair.com\/va\/wp-json\/wp\/v2\/categories?post=33873"},{"taxonomy":"post_tag","embeddable":true,"href":"https:\/\/marqalicante-admin.qwair.com\/va\/wp-json\/wp\/v2\/tags?post=33873"}],"curies":[{"name":"wp","href":"https:\/\/api.w.org\/{rel}","templated":true}]}}