{"id":33861,"date":"2016-11-27T00:00:00","date_gmt":"2016-11-27T00:00:00","guid":{"rendered":"https:\/\/marqalicante-admin.qwair.com\/2016\/11\/27\/el-marq-amplia-la-exposicion-de-los-vikingos-hasta-marzo-de-2017\/"},"modified":"2016-11-27T00:00:00","modified_gmt":"2016-11-27T00:00:00","slug":"el-marq-amplia-la-exposicion-de-los-vikingos-hasta-marzo-de-2017","status":"publish","type":"post","link":"https:\/\/marqalicante-admin.qwair.com\/va\/el-marq-amplia-la-exposicion-de-los-vikingos-hasta-marzo-de-2017\/","title":{"rendered":"El Marq amplia l&#039;exposici\u00f3 dels v\u00edkings fins al mar\u00e7 del 2017"},"content":{"rendered":"<p style='color: rgb(58, 58, 58); font-stretch: normal; font-size: 15px; line-height: 24px; font-family: robotoregular, Arial, Tahoma, Geneva, sans-serif; margin: 30px 0px; padding: 0px; background-color: rgb(255, 255, 255);'>L&#039;exposici\u00f3 internacional&nbsp;<span style='font-style: italic;'>V\u00edkings. Guerrers del Nord. Gegants del Mar<\/span>&nbsp;amplia fins al proper 5 de mar\u00e7 la seva estada al MARQ d&#039;Alacant, despr\u00e9s de l&#039;inter\u00e8s que ha suscitat i que ha portat a veure la mostra m\u00e9s de 67.000 persones des de la inauguraci\u00f3 el mes de maig passat.<\/p>\n<p style='color: rgb(58, 58, 58); font-stretch: normal; font-size: 15px; line-height: 24px; font-family: robotoregular, Arial, Tahoma, Geneva, sans-serif; margin: 30px 0px; padding: 0px; background-color: rgb(255, 255, 255);'>La proposta in\u00e8dita ofereix un recorregut pels aspectes menys coneguts de la vida quotidiana, cultural, religiosa i pol\u00edtica d&#039;aquest temible poble n\u00f2rdic i per tal d&#039;apropar aquests continguts a la ciutadania, el centre ha organitzat activitats com tallers per a nens, recorreguts guiats o visites teatralitzades.<\/p>\n<p style='color: rgb(58, 58, 58); font-stretch: normal; font-size: 15px; line-height: 24px; font-family: robotoregular, Arial, Tahoma, Geneva, sans-serif; margin: 30px 0px; padding: 0px; background-color: rgb(255, 255, 255);'>LA NOT\u00cdCIA ALS MITJANS<\/p>\n<p style='color: rgb(58, 58, 58); font-stretch: normal; font-size: 15px; line-height: 24px; font-family: robotoregular, Arial, Tahoma, Geneva, sans-serif; margin: 30px 0px; padding: 0px; background-color: rgb(255, 255, 255);'>Diari La Veritat:<\/p>\n<p style='color: rgb(58, 58, 58); font-stretch: normal; font-size: 15px; line-height: 24px; font-family: robotoregular, Arial, Tahoma, Geneva, sans-serif; margin: 30px 0px; padding: 0px; background-color: rgb(255, 255, 255);'><a href=\"http:\/\/www.laverdad.es\/alicante\/culturas\/201611\/27\/marq-amplia-exposicion-vikingos-20161127022843-v.html\" target=\"_blank\" rel=\"noopener\">http:\/\/www.laverdad.es\/alicante\/culturas\/201611\/27\/marq-amplia-exposicion-vikingos-20161127022843-v.html<\/a><\/p>\n<p style='color: rgb(58, 58, 58); font-stretch: normal; font-size: 15px; line-height: 24px; font-family: robotoregular, Arial, Tahoma, Geneva, sans-serif; margin: 30px 0px; padding: 0px; background-color: rgb(255, 255, 255);'>Diari Informaci\u00f3:<\/p>\n<p style='color: rgb(58, 58, 58); font-stretch: normal; font-size: 15px; line-height: 24px; font-family: robotoregular, Arial, Tahoma, Geneva, sans-serif; margin: 30px 0px; padding: 0px; background-color: rgb(255, 255, 255);'><a href=\"http:\/\/www.diarioinformacion.com\/cultura\/2016\/11\/27\/marq-amplia-exposicion-vikingos-marzo\/1833007.html\" target=\"_blank\" rel=\"noopener\">http:\/\/www.diarioinformacion.com\/cultura\/2016\/11\/27\/marq-amplia-exposicion-vikingos-marzo\/1833007.html<\/a><\/p>\n<p style='color: rgb(58, 58, 58); font-stretch: normal; font-size: 15px; line-height: 24px; font-family: robotoregular, Arial, Tahoma, Geneva, sans-serif; margin: 30px 0px; padding: 0px; background-color: rgb(255, 255, 255);'>Segons ha informat la Diputaci\u00f3 d&#039;Alacant en un comunicat, la bona relaci\u00f3 entre els t\u00e8cnics del centre alacant\u00ed i els representants del Museu Nacional de Dinamarca han propiciat la possibilitat d&#039;aquesta pr\u00f2rroga.<\/p>","protected":false},"excerpt":{"rendered":"<p>La exposici&oacute;n internacional&nbsp;Vikingos. Guerreros del Norte. Gigantes del Mar&nbsp;ampl&iacute;a hasta el pr&oacute;ximo 5 de marzo<span class=\"excerpt-hellip\"> [\u2026]<\/span><\/p>\n","protected":false},"author":3,"featured_media":0,"comment_status":"open","ping_status":"open","sticky":false,"template":"","format":"standard","meta":{"kia_subtitle":"","footnotes":""},"categories":[],"tags":[],"class_list":["post-33861","post","type-post","status-publish","format-standard","hentry"],"meta_box":[],"_links":{"self":[{"href":"https:\/\/marqalicante-admin.qwair.com\/va\/wp-json\/wp\/v2\/posts\/33861","targetHints":{"allow":["GET"]}}],"collection":[{"href":"https:\/\/marqalicante-admin.qwair.com\/va\/wp-json\/wp\/v2\/posts"}],"about":[{"href":"https:\/\/marqalicante-admin.qwair.com\/va\/wp-json\/wp\/v2\/types\/post"}],"author":[{"embeddable":true,"href":"https:\/\/marqalicante-admin.qwair.com\/va\/wp-json\/wp\/v2\/users\/3"}],"replies":[{"embeddable":true,"href":"https:\/\/marqalicante-admin.qwair.com\/va\/wp-json\/wp\/v2\/comments?post=33861"}],"version-history":[{"count":0,"href":"https:\/\/marqalicante-admin.qwair.com\/va\/wp-json\/wp\/v2\/posts\/33861\/revisions"}],"wp:attachment":[{"href":"https:\/\/marqalicante-admin.qwair.com\/va\/wp-json\/wp\/v2\/media?parent=33861"}],"wp:term":[{"taxonomy":"category","embeddable":true,"href":"https:\/\/marqalicante-admin.qwair.com\/va\/wp-json\/wp\/v2\/categories?post=33861"},{"taxonomy":"post_tag","embeddable":true,"href":"https:\/\/marqalicante-admin.qwair.com\/va\/wp-json\/wp\/v2\/tags?post=33861"}],"curies":[{"name":"wp","href":"https:\/\/api.w.org\/{rel}","templated":true}]}}