{"id":33858,"date":"2016-11-18T00:00:00","date_gmt":"2016-11-18T00:00:00","guid":{"rendered":"https:\/\/marqalicante-admin.qwair.com\/2016\/11\/18\/el-grupo-asv-ofrecio-una-conferencia-en-el-salon-de-actos-del-marq-una-historia-de-despedidas-lo-que-releva-sobre-nosotros-la-evolucion-de-los-rituales-funerarios\/"},"modified":"2016-11-18T00:00:00","modified_gmt":"2016-11-18T00:00:00","slug":"el-grupo-asv-ofrecio-una-conferencia-en-el-salon-de-actos-del-marq-una-historia-de-despedidas-lo-que-releva-sobre-nosotros-la-evolucion-de-los-rituales-funerarios","status":"publish","type":"post","link":"https:\/\/marqalicante-admin.qwair.com\/va\/el-grupo-asv-ofrecio-una-conferencia-en-el-salon-de-actos-del-marq-una-historia-de-despedidas-lo-que-releva-sobre-nosotros-la-evolucion-de-los-rituales-funerarios\/","title":{"rendered":"El grup ASV va oferir una confer\u00e8ncia a la sala d&#039;actes del MARQ, \u00abUna hist\u00f2ria de comiats. All\u00f2 que relleva sobre nosaltres l&#039;evoluci\u00f3 dels rituals funeraris\u00bb"},"content":{"rendered":"<p style='text-align: justify;'>&nbsp; &nbsp; &nbsp;<\/p>\n<p style='text-align: center;'><img alt='' src='\/contenido\/genericas\/IMG_2701.JPG' style='width: 250px; height: 161px;' \/><\/p>\n<p style='text-align: justify;'>&nbsp;<\/p>\n<p style='text-align: justify;'>&nbsp;<\/p>\n<p style='text-align: justify;'>&nbsp;<\/p>\n<p style='text-align: justify;'>&nbsp; &nbsp; El Sal\u00f3 d&#039;Actes del MARQ va acollir ahir dijous 17 de novembre la confer\u00e8ncia oferta pel Grup ASV Serveis Funeraris <em>&nbsp;\u201cUna hist\u00f2ria de comiats. Aix\u00f2 revela sobre nosaltres l&#039;evoluci\u00f3 dels rituals funeraris\u201d,<\/em> a c\u00e0rrec de D\u00f1a. Nuria Javaloyes, psic\u00f2loga responsable del servei de suport a la p\u00e8rdua del grup ASV, i l&#039;antrop\u00f2loga f\u00edsica del museu arqueol\u00f2gic, D\u00f1a. Consuelo Roca.<\/p>\n<p style='text-align: justify;'>&nbsp; &nbsp; &nbsp; &nbsp; A les imatges, Sra. Nuria Javaloyes i Sra. Consuelo Roca, juntament amb Sra. Sonia Carricondo, responsable de Responsabilitat Social Corporativa i Projectes del Grup ASV, i Sr. Jos\u00e9 Alberto Cort\u00e9s, Director-Gerent del MARQ.<\/p>","protected":false},"excerpt":{"rendered":"<p>&nbsp; &nbsp; &nbsp; &nbsp; &nbsp; &nbsp; &nbsp; &nbsp; El Sal&oacute;n de Actos del MARQ acogi&oacute;<span class=\"excerpt-hellip\"> [\u2026]<\/span><\/p>\n","protected":false},"author":3,"featured_media":0,"comment_status":"open","ping_status":"open","sticky":false,"template":"","format":"standard","meta":{"kia_subtitle":"","footnotes":""},"categories":[],"tags":[],"class_list":["post-33858","post","type-post","status-publish","format-standard","hentry"],"meta_box":[],"_links":{"self":[{"href":"https:\/\/marqalicante-admin.qwair.com\/va\/wp-json\/wp\/v2\/posts\/33858","targetHints":{"allow":["GET"]}}],"collection":[{"href":"https:\/\/marqalicante-admin.qwair.com\/va\/wp-json\/wp\/v2\/posts"}],"about":[{"href":"https:\/\/marqalicante-admin.qwair.com\/va\/wp-json\/wp\/v2\/types\/post"}],"author":[{"embeddable":true,"href":"https:\/\/marqalicante-admin.qwair.com\/va\/wp-json\/wp\/v2\/users\/3"}],"replies":[{"embeddable":true,"href":"https:\/\/marqalicante-admin.qwair.com\/va\/wp-json\/wp\/v2\/comments?post=33858"}],"version-history":[{"count":0,"href":"https:\/\/marqalicante-admin.qwair.com\/va\/wp-json\/wp\/v2\/posts\/33858\/revisions"}],"wp:attachment":[{"href":"https:\/\/marqalicante-admin.qwair.com\/va\/wp-json\/wp\/v2\/media?parent=33858"}],"wp:term":[{"taxonomy":"category","embeddable":true,"href":"https:\/\/marqalicante-admin.qwair.com\/va\/wp-json\/wp\/v2\/categories?post=33858"},{"taxonomy":"post_tag","embeddable":true,"href":"https:\/\/marqalicante-admin.qwair.com\/va\/wp-json\/wp\/v2\/tags?post=33858"}],"curies":[{"name":"wp","href":"https:\/\/api.w.org\/{rel}","templated":true}]}}