{"id":33852,"date":"2016-11-02T00:00:00","date_gmt":"2016-11-02T00:00:00","guid":{"rendered":"https:\/\/marqalicante-admin.qwair.com\/2016\/11\/02\/comienza-en-el-marq-el-seminario-sobre-vikingos\/"},"modified":"2016-11-02T00:00:00","modified_gmt":"2016-11-02T00:00:00","slug":"comienza-en-el-marq-el-seminario-sobre-vikingos","status":"publish","type":"post","link":"https:\/\/marqalicante-admin.qwair.com\/va\/comienza-en-el-marq-el-seminario-sobre-vikingos\/","title":{"rendered":"Comen\u00e7a al MARQ el seminari sobre Vikings"},"content":{"rendered":"<p>&nbsp;<\/p>\n<p>&nbsp;<\/p>\n<p>&nbsp;<\/p>\n<p style='text-align: center;'><img alt='' src='\/contenido\/genericas\/banner seminario.jpg' style='width: 350px; height: 210px;' \/><\/p>\n<p style='text-align: justify;'>&nbsp; &nbsp; L&#039;exposici\u00f3 &quot;Vikings, guerrers del nord, gegants del mar&quot; que es troba instal\u00b7lada al MARQ gr\u00e0cies a la col\u00b7laboraci\u00f3 amb el Museu Nacional de Copenhaguen, ha fet arribar a tota la societat la hist\u00f2ria i els \u00e8xits d&#039;aquella cultura medieval del nord d&#039;Europa. Com \u00e9s habitual al MARQ, la mostra havia de comptar amb un cicle de confer\u00e8ncies, en aquest cas un seminari de dos dies de durada, en qu\u00e8 historiadors i arque\u00f2legs exposessin les \u00faltimes investigacions sobre el m\u00f3n v\u00edking.<\/p>\n<p style='text-align: justify;'>&nbsp; &nbsp;Aix\u00ed, el dia 3 de novembre, investigadors del Museu de Copenhaguen, ho faran per a l&#039;\u00e0mbit escandinau, mentre que el dia 4 novembre acreditats estudiosos espanyols dissertaran sobre la pres\u00e8ncia v\u00edking a la pen\u00ednsula Ib\u00e8rica.<\/p>\n<p style='text-align: justify;'>&nbsp; &nbsp; El seminari, l&#039;aforament del qual ja est\u00e0 complet, est\u00e0 obert a tots aquells interessats en la cultura v\u00edking, ja siguin professionals, estudiants o tot el p\u00fablic no especialitzat que vulgui saber m\u00e9s sobre \u201cels homes del nord\u201d, el seu impacte a l&#039;edat mitjana europea i la vig\u00e8ncia a l&#039;imaginari col\u00b7lectiu contemporani.<\/p>","protected":false},"excerpt":{"rendered":"<p>&nbsp; &nbsp; &nbsp; &nbsp; &nbsp; La exposici&oacute;n &ldquo;Vikingos, guerreros del norte, gigantes del mar&rdquo; que<span class=\"excerpt-hellip\"> [\u2026]<\/span><\/p>\n","protected":false},"author":3,"featured_media":0,"comment_status":"open","ping_status":"open","sticky":false,"template":"","format":"standard","meta":{"kia_subtitle":"","footnotes":""},"categories":[],"tags":[],"class_list":["post-33852","post","type-post","status-publish","format-standard","hentry"],"meta_box":[],"_links":{"self":[{"href":"https:\/\/marqalicante-admin.qwair.com\/va\/wp-json\/wp\/v2\/posts\/33852","targetHints":{"allow":["GET"]}}],"collection":[{"href":"https:\/\/marqalicante-admin.qwair.com\/va\/wp-json\/wp\/v2\/posts"}],"about":[{"href":"https:\/\/marqalicante-admin.qwair.com\/va\/wp-json\/wp\/v2\/types\/post"}],"author":[{"embeddable":true,"href":"https:\/\/marqalicante-admin.qwair.com\/va\/wp-json\/wp\/v2\/users\/3"}],"replies":[{"embeddable":true,"href":"https:\/\/marqalicante-admin.qwair.com\/va\/wp-json\/wp\/v2\/comments?post=33852"}],"version-history":[{"count":0,"href":"https:\/\/marqalicante-admin.qwair.com\/va\/wp-json\/wp\/v2\/posts\/33852\/revisions"}],"wp:attachment":[{"href":"https:\/\/marqalicante-admin.qwair.com\/va\/wp-json\/wp\/v2\/media?parent=33852"}],"wp:term":[{"taxonomy":"category","embeddable":true,"href":"https:\/\/marqalicante-admin.qwair.com\/va\/wp-json\/wp\/v2\/categories?post=33852"},{"taxonomy":"post_tag","embeddable":true,"href":"https:\/\/marqalicante-admin.qwair.com\/va\/wp-json\/wp\/v2\/tags?post=33852"}],"curies":[{"name":"wp","href":"https:\/\/api.w.org\/{rel}","templated":true}]}}