{"id":33836,"date":"2016-10-07T00:00:00","date_gmt":"2016-10-07T00:00:00","guid":{"rendered":"https:\/\/marqalicante-admin.qwair.com\/2016\/10\/07\/el-marq-elabora-una-amplia-programacion-con-motivo-de-las-jornadas-europeas-de-patrimonio\/"},"modified":"2016-10-07T00:00:00","modified_gmt":"2016-10-07T00:00:00","slug":"el-marq-elabora-una-amplia-programacion-con-motivo-de-las-jornadas-europeas-de-patrimonio","status":"publish","type":"post","link":"https:\/\/marqalicante-admin.qwair.com\/va\/el-marq-elabora-una-amplia-programacion-con-motivo-de-las-jornadas-europeas-de-patrimonio\/","title":{"rendered":"El MARQ elabora una \u00e0mplia programaci\u00f3 amb motiu de les Jornades Europees de Patrimoni"},"content":{"rendered":"<p>&nbsp;<\/p>\n<p style='text-align: center;'><img alt='' src='\/contenido\/genericas\/poster(10).jpg' style='width: 300px; height: 424px;' \/><\/p>\n<p>&nbsp;<\/p>\n<p style='text-align: justify;'>&nbsp; &nbsp; Les Jornades Europees de Patrimoni s\u00f3n <strong>una iniciativa anual que promou el Consell d&#039;Europa <\/strong>recolzades pel Ministeri d&#039;Educaci\u00f3 Cultura i Esports i per la Generalitat Valenciana a trav\u00e9s de la Conselleria d&#039;Educaci\u00f3, Investigaci\u00f3, Cultura i Esport.<\/p>\n<p style='text-align: justify;'>&nbsp; &nbsp; &nbsp;L\u00b4objectiu d\u00b4aquestes Jornades \u00e9s <strong>posar en relleu el Patrimoni Cultural <\/strong>i conscienciar sobre el valor que aquest t\u00e9 sobre el seu \u00e0mbit geogr\u00e0fic, cultural i social perqu\u00e8 en prengueu coneixement, posada en valor i protecci\u00f3.<\/p>\n<p style='text-align: justify;'>&nbsp; &nbsp; El MARQ participa en aquestes Jornades durant 2016 i 2017, fet que suposa una projecci\u00f3 i difusi\u00f3 de les seves activitats principalment a trav\u00e9s de la seva p\u00e0gina web- <a href='http:\/\/www.europeanheritagedays.com-\/'>www.europeanheritagedays.com-<\/a>cosa que possibilita futurs projectes propis o en col\u00b7laboraci\u00f3 amb altres organismes.<\/p>\n<p style='text-align: justify;'><strong>&nbsp; &nbsp; A m\u00e9s de les Jornades de Portes Obertes<\/strong>que dur\u00e0 a terme el Museu els dies 9 i 12 d&#039;octubre de 10 a 14 hores i amb entrada gratu\u00efta, el diumenge 16, amb motiu de la Jornada \u201cPatrimoni i Comunitats\u201d, es faran visites teatralitzades a l&#039;exposici\u00f3 de Vikings aix\u00ed com tallers did\u00e0ctics en fam\u00edlia i ruta familiar pel MARQ.<\/p>\n<p style='text-align: justify;'>&nbsp; &nbsp; De les dues principals activitats que es duran a terme dins d&#039;aquestes Jornades Europees en destaca, en primer lloc, el projecte educatiu intercentres <strong>\u201cLa Col\u00f2nia de Santa Eul\u00e0lia\u2026 Viu-la!\u201d,<\/strong> iniciativa que s&#039;emmarca al jaciment etnol\u00f2gic de la Col\u00f2nia de Santa Eul\u00e0lia, ubicada a la comarca alacantina de l&#039;Alt Vinalop\u00f3, entre els termes municipals de Sax i Villena. <strong>Al projecte hi participen 9 centres escolars, 50 professors, alumnes i altres organismes educatius i diversos Ajuntaments <\/strong>i es donar\u00e0 a con\u00e8ixer el dia 11 d&#039;octubre a la sala d&#039;actes del MARQ.<\/p>\n<p style='text-align: justify;'>&nbsp; &nbsp;Finalment, del dijous 13 al dissabte 15 d&#039;octubre, se celebrar\u00e0 el <strong>III Congr\u00e9s Internacional \u201cEducaci\u00f3 i Accessibilitat en Museus i Patrimoni\u201d que es desenvolupar\u00e0 al MARQ d&#039;Alacant ia Vilamuseum de la Vila Joiosa.<\/strong> A l&#039;esdeveniment, experts i professionals de l&#039;\u00e0mbit nacional i internacional analitzaran la necessitat de fomentar un turisme cultural i natural accessible, tant en espais tancats com en entorns a l&#039;aire lliure.<\/p>\n<p style='text-align: justify;'>&nbsp;<\/p>","protected":false},"excerpt":{"rendered":"<p>&nbsp; &nbsp; &nbsp; &nbsp; Las Jornadas Europeas de Patrimonio son una iniciativa anual que promueve<span class=\"excerpt-hellip\"> [\u2026]<\/span><\/p>\n","protected":false},"author":3,"featured_media":0,"comment_status":"open","ping_status":"open","sticky":false,"template":"","format":"standard","meta":{"kia_subtitle":"","footnotes":""},"categories":[],"tags":[],"class_list":["post-33836","post","type-post","status-publish","format-standard","hentry"],"meta_box":[],"_links":{"self":[{"href":"https:\/\/marqalicante-admin.qwair.com\/va\/wp-json\/wp\/v2\/posts\/33836","targetHints":{"allow":["GET"]}}],"collection":[{"href":"https:\/\/marqalicante-admin.qwair.com\/va\/wp-json\/wp\/v2\/posts"}],"about":[{"href":"https:\/\/marqalicante-admin.qwair.com\/va\/wp-json\/wp\/v2\/types\/post"}],"author":[{"embeddable":true,"href":"https:\/\/marqalicante-admin.qwair.com\/va\/wp-json\/wp\/v2\/users\/3"}],"replies":[{"embeddable":true,"href":"https:\/\/marqalicante-admin.qwair.com\/va\/wp-json\/wp\/v2\/comments?post=33836"}],"version-history":[{"count":0,"href":"https:\/\/marqalicante-admin.qwair.com\/va\/wp-json\/wp\/v2\/posts\/33836\/revisions"}],"wp:attachment":[{"href":"https:\/\/marqalicante-admin.qwair.com\/va\/wp-json\/wp\/v2\/media?parent=33836"}],"wp:term":[{"taxonomy":"category","embeddable":true,"href":"https:\/\/marqalicante-admin.qwair.com\/va\/wp-json\/wp\/v2\/categories?post=33836"},{"taxonomy":"post_tag","embeddable":true,"href":"https:\/\/marqalicante-admin.qwair.com\/va\/wp-json\/wp\/v2\/tags?post=33836"}],"curies":[{"name":"wp","href":"https:\/\/api.w.org\/{rel}","templated":true}]}}