{"id":33833,"date":"2016-10-03T00:00:00","date_gmt":"2016-10-03T00:00:00","guid":{"rendered":"https:\/\/marqalicante-admin.qwair.com\/2016\/10\/03\/comienza-el-proyecto-educativo\/"},"modified":"2016-10-03T00:00:00","modified_gmt":"2016-10-03T00:00:00","slug":"comienza-el-proyecto-educativo","status":"publish","type":"post","link":"https:\/\/marqalicante-admin.qwair.com\/va\/comienza-el-proyecto-educativo\/","title":{"rendered":"Comen\u00e7a el projecte educatiu"},"content":{"rendered":"<p>El dissabte 1 d&#039;octubre va comen\u00e7ar a caminar el projecte educatiu Santa Eul\u00e0lia\u2026 Viu-la!, una activitat on el MARQ col\u00b7laborar\u00e0 amb m\u00e9s de 10 centres escolars de la comarca del Vinalop\u00f3 Mitj\u00e0, en el qual, m\u00e9s de 50 professors desenvoluparan micro projectes per sensibilitzar l&#039;alumnat sobre aquesta joia patrimonial de la prov\u00edncia.<\/p>\n<p><img alt='' src='\/contenido\/genericas\/Foto Colonia.jpg' style='width: 500px; height: 375px;' \/><\/p>\n<p>El MARQ d\u00f3na suport a aquesta iniciativa que es va iniciar amb una visita guiada-formaci\u00f3 per part del Doctor en Hist\u00f2ria Don Vicente V\u00e1zquez, el qual ens va fer un recorregut hist\u00f2ric i patrimonial per tots els racons de La Col\u00f2nia, que va acabar amb reunions d&#039;\u00e0rea perqu\u00e8 el projecte vagi prenent vida.<\/p>","protected":false},"excerpt":{"rendered":"<p>El s&aacute;bado 1 de octubre empez&oacute; a caminar el proyecto educativo Santa Eulalia&#8230;&iexcl;V&iacute;vela!, una actividad<span class=\"excerpt-hellip\"> [\u2026]<\/span><\/p>\n","protected":false},"author":3,"featured_media":0,"comment_status":"open","ping_status":"open","sticky":false,"template":"","format":"standard","meta":{"kia_subtitle":"","footnotes":""},"categories":[],"tags":[],"class_list":["post-33833","post","type-post","status-publish","format-standard","hentry"],"meta_box":[],"_links":{"self":[{"href":"https:\/\/marqalicante-admin.qwair.com\/va\/wp-json\/wp\/v2\/posts\/33833","targetHints":{"allow":["GET"]}}],"collection":[{"href":"https:\/\/marqalicante-admin.qwair.com\/va\/wp-json\/wp\/v2\/posts"}],"about":[{"href":"https:\/\/marqalicante-admin.qwair.com\/va\/wp-json\/wp\/v2\/types\/post"}],"author":[{"embeddable":true,"href":"https:\/\/marqalicante-admin.qwair.com\/va\/wp-json\/wp\/v2\/users\/3"}],"replies":[{"embeddable":true,"href":"https:\/\/marqalicante-admin.qwair.com\/va\/wp-json\/wp\/v2\/comments?post=33833"}],"version-history":[{"count":0,"href":"https:\/\/marqalicante-admin.qwair.com\/va\/wp-json\/wp\/v2\/posts\/33833\/revisions"}],"wp:attachment":[{"href":"https:\/\/marqalicante-admin.qwair.com\/va\/wp-json\/wp\/v2\/media?parent=33833"}],"wp:term":[{"taxonomy":"category","embeddable":true,"href":"https:\/\/marqalicante-admin.qwair.com\/va\/wp-json\/wp\/v2\/categories?post=33833"},{"taxonomy":"post_tag","embeddable":true,"href":"https:\/\/marqalicante-admin.qwair.com\/va\/wp-json\/wp\/v2\/tags?post=33833"}],"curies":[{"name":"wp","href":"https:\/\/api.w.org\/{rel}","templated":true}]}}