{"id":33823,"date":"2016-09-15T00:00:00","date_gmt":"2016-09-15T00:00:00","guid":{"rendered":"https:\/\/marqalicante-admin.qwair.com\/2016\/09\/15\/el-marq-descubre-en-la-cova-del-randero-restos-humanos-y-objetos-asociados-a-ritos-funerarios-de-mas-de-4-500-anos-de-antiguedad\/"},"modified":"2016-09-15T00:00:00","modified_gmt":"2016-09-15T00:00:00","slug":"el-marq-descubre-en-la-cova-del-randero-restos-humanos-y-objetos-asociados-a-ritos-funerarios-de-mas-de-4-500-anos-de-antiguedad","status":"publish","type":"post","link":"https:\/\/marqalicante-admin.qwair.com\/va\/el-marq-descubre-en-la-cova-del-randero-restos-humanos-y-objetos-asociados-a-ritos-funerarios-de-mas-de-4-500-anos-de-antiguedad\/","title":{"rendered":"El MARQ descobreix a la Cova del Randero restes humanes i objectes associats a ritus funeraris de m\u00e9s de 4.500 anys d&#039;antiguitat"},"content":{"rendered":"<p>&nbsp;<\/p>\n<p>&nbsp;<\/p>\n<p style='text-align: center;'>&nbsp; &nbsp; &nbsp; <img alt='' src='\/contenido\/genericas\/091416 Randero 2016.jpg' style='width: 250px; height: 167px;' \/><\/p>\n<p style='text-align: justify;'>&nbsp;<\/p>\n<p style='text-align: justify;'>&nbsp; &nbsp;La <strong>X Campanya Estival d&#039;Excavacions de la<\/strong> <strong>Cova del Randero<\/strong>,<strong>a Pedreguer<\/strong>,ha arribat al final. Els treballs, en qu\u00e8 han participat una vintena de voluntaris procedents de les universitats d&#039;Alacant, Val\u00e8ncia, Lle\u00f3, Pamplona i Belfast -Regne Unit-, han perm\u00e8s <strong>descobrir restes humanes i materials associats a ritus funeraris<\/strong>, l&#039;antiguitat del qual es remunta a l&#039;any <strong>2700 abans de Crist<\/strong>, quan la part m\u00e9s profunda de la cova va deixar d&#039;habitar-se per esdevenir una necr\u00f2polis.<\/p>\n<p style='text-align: justify;'>&nbsp;&nbsp;&nbsp;&nbsp;&nbsp;&nbsp;&nbsp;&nbsp; Entre les peces m\u00e9s rellevants localitzades a la sala interior destaca una <strong>quinzena de puntes de fletxa de s\u00edlex<\/strong> de perfecta factura i sense cap desgast als seus talls, un fet que revela que van ser elaborades <strong>per acompanyar els difunts<\/strong>, davant la creen\u00e7a que poguessin necessitar fer-ne \u00fas en l&#039;altra vida. En aquest sentit, el director del projecte, <strong>Jorge A. Soler<\/strong>, ha explicat que \u201c<u>aquests objectes podrien formar part de les ofrenes que els habitants de la vall deixaven al costat de les persones rellevants de la comunitat, pr\u00f2pies de finals del Neol\u00edtic<\/u>\u201d.<\/p>\n<p style='text-align: justify;'>&nbsp;&nbsp;&nbsp;&nbsp;&nbsp;&nbsp;&nbsp;&nbsp; Per la seva banda, els primers diagn\u00f2stics de les restes humanes trobades \u2013<strong>dents<\/strong>,<strong>v\u00e8rtebres i falanges de peus i mans<\/strong>-, realitzats per les especialistes en antropologia f\u00edsica <strong>Consol Roca de Togores <\/strong>(MARQ) i <strong>Susana G\u00f3mez<\/strong> (Universitat de Le\u00f3n), revelen una activitat intensa a la vida dels individus, que no superaven els trenta anys d&#039;edat, aix\u00ed com una alimentaci\u00f3 basada principalment en el consum de carn d&#039;ovic\u00e0prids.<\/p>\n<p style='text-align: justify;'>&nbsp;&nbsp;&nbsp;&nbsp;&nbsp;&nbsp;&nbsp;&nbsp; Aix\u00ed mateix, durant el desenvolupament de la campanya, tamb\u00e9 s&#039;ha treballat a la sala de l&#039;entrada, on s&#039;ha realitzat un <strong>sondeig <\/strong>amb la finalitat de <strong>recon\u00e8ixer l&#039;\u00fas que se li donava a la cavitat per part dels ca\u00e7adors i recol\u00b7lectors de la vall<\/strong>, als quals previsiblement se situa en una cronologia centrada en el Magdaleni\u00e0.<\/p>\n<p style='text-align: justify;'>&nbsp;&nbsp;&nbsp;&nbsp;&nbsp;&nbsp;&nbsp;&nbsp; La campanya d&#039;excavacions de la Cova del Randero est\u00e0 impulsada pel <strong>Museu Arqueol\u00f2gic d&#039;Alacant<\/strong> i compta amb la col\u00b7laboraci\u00f3 del <strong>Ajuntament de Pedreguer<\/strong>, que proporciona allotjament i suport t\u00e8cnic a l&#039;equip de professionals procedents, tant del MARQ com de diverses universitats espanyoles i europees.<\/p>\n<p style='text-align: justify;'>&nbsp;&nbsp;&nbsp;&nbsp;&nbsp;&nbsp;&nbsp;&nbsp; Finalment, Jorge A. Soler ha recordat que \u201c<u>durant la campanya de 2015 vam descobrir un atuell en perfecte estat de conservaci\u00f3<\/u>\u201d i ha afegit que \u201c<u>l&#039;estudi detallat d&#039;aquesta pe\u00e7a ens ha perm\u00e8s concretar-ne la dataci\u00f3 i situar-la al voltant del 4200 aC.<\/u>\u201d.<\/p>","protected":false},"excerpt":{"rendered":"<p>&nbsp; &nbsp; &nbsp; &nbsp; &nbsp; &nbsp; &nbsp; &nbsp;La X Campa&ntilde;a Estival de Excavaciones de la<span class=\"excerpt-hellip\"> [\u2026]<\/span><\/p>\n","protected":false},"author":3,"featured_media":0,"comment_status":"open","ping_status":"open","sticky":false,"template":"","format":"standard","meta":{"kia_subtitle":"","footnotes":""},"categories":[],"tags":[],"class_list":["post-33823","post","type-post","status-publish","format-standard","hentry"],"meta_box":[],"_links":{"self":[{"href":"https:\/\/marqalicante-admin.qwair.com\/va\/wp-json\/wp\/v2\/posts\/33823","targetHints":{"allow":["GET"]}}],"collection":[{"href":"https:\/\/marqalicante-admin.qwair.com\/va\/wp-json\/wp\/v2\/posts"}],"about":[{"href":"https:\/\/marqalicante-admin.qwair.com\/va\/wp-json\/wp\/v2\/types\/post"}],"author":[{"embeddable":true,"href":"https:\/\/marqalicante-admin.qwair.com\/va\/wp-json\/wp\/v2\/users\/3"}],"replies":[{"embeddable":true,"href":"https:\/\/marqalicante-admin.qwair.com\/va\/wp-json\/wp\/v2\/comments?post=33823"}],"version-history":[{"count":0,"href":"https:\/\/marqalicante-admin.qwair.com\/va\/wp-json\/wp\/v2\/posts\/33823\/revisions"}],"wp:attachment":[{"href":"https:\/\/marqalicante-admin.qwair.com\/va\/wp-json\/wp\/v2\/media?parent=33823"}],"wp:term":[{"taxonomy":"category","embeddable":true,"href":"https:\/\/marqalicante-admin.qwair.com\/va\/wp-json\/wp\/v2\/categories?post=33823"},{"taxonomy":"post_tag","embeddable":true,"href":"https:\/\/marqalicante-admin.qwair.com\/va\/wp-json\/wp\/v2\/tags?post=33823"}],"curies":[{"name":"wp","href":"https:\/\/api.w.org\/{rel}","templated":true}]}}