{"id":33820,"date":"2016-09-12T00:00:00","date_gmt":"2016-09-12T00:00:00","guid":{"rendered":"https:\/\/marqalicante-admin.qwair.com\/2016\/09\/12\/xixona-inaugura-la-exposicion-del-marq-guardianes-de-piedra\/"},"modified":"2016-09-12T00:00:00","modified_gmt":"2016-09-12T00:00:00","slug":"xixona-inaugura-la-exposicion-del-marq-guardianes-de-piedra","status":"publish","type":"post","link":"https:\/\/marqalicante-admin.qwair.com\/va\/xixona-inaugura-la-exposicion-del-marq-guardianes-de-piedra\/","title":{"rendered":"XIXONA INAUGURA L&#039;EXPOSICI\u00d3 DEL MARQ \u201cGUARDIANES DE PEDRA\u201d"},"content":{"rendered":"<p>La Sala d&#039;Exposicions municipal El Teatret de Xixona, va acollir el divendres 9 de setembre <strong>la inauguraci\u00f3 de l&#039;exposici\u00f3 itinerant del MARQ, Guardians de Pedra, Castells d&#039;Alacant,<\/strong> dedicada els edificis i fortificacions que van exercir com a defensa de la prov\u00edncia dAlacant.<\/p>\n<p>L&#039;alcaldessa de Xixona, Isabel L\u00f3pez i el diputat de Cultura C\u00e9sar Augusto Asencio van presentar la mostra amb el director t\u00e8cnic del MARQ, Manuel Olcina i el director gerent Josep Albert Cort\u00e9s. Tamb\u00e9 hi van assistir, el representant de la Fundaci\u00f3 Banc Sabadell D. Jos\u00e9 Andr\u00e9s Maro\u00f1as i el Comissari de l&#039;exposici\u00f3, l&#039;arque\u00f2leg del Museu Jos\u00e9 Luis Men\u00e9ndez.<\/p>\n<p>L&#039;exposici\u00f3 de car\u00e0cter itinerant procedeix de Villana i estar\u00e0 a la localitat xixonenca fins al dia 30 d&#039;octubre i pret\u00e9n difondre i apropar al p\u00fablic la <strong>hist\u00f2ria, restes, caracter\u00edstiques<\/strong> i, en definitiva, tot el que engloba el <strong>ric patrimoni<\/strong> que conformen els castells de la prov\u00edncia, <strong>a trav\u00e9s de 84 de les 250 fortificacions registrades<\/strong>.<\/p>\n<p>L&#039;exposici\u00f3 s&#039;estructura en <strong>cinc rutes<\/strong> que coincideixen aproximadament amb les delimitacions de les <strong>grans comarques<\/strong> de la prov\u00edncia: la <strong>Vega Baixa<\/strong>, el <strong>Vall del Vinalop\u00f3<\/strong>, <strong>L&#039;Alacant\u00ed<\/strong>, <strong>L&#039;Alcoi\u00e0-El Comtat <\/strong>i <strong>Les Marines d&#039;Alacant<\/strong>.<\/p>\n<p>&nbsp;Aix\u00ed, es presenten altres calaixos expositors \u2013f\u00e0cilment transportables de cara a la itiner\u00e0ncia- que ofereixen <strong>imatges impactants<\/strong> i tota la informaci\u00f3 necess\u00e0ria quant a <strong>context hist\u00f2ric o personatges rellevants<\/strong> vinculats a cada territori. El conjunt est\u00e0 complementat amb l&#039;audiovisual <strong>Almiserat<\/strong>, una producci\u00f3 realitzada pel departament de <strong>Imatge i Promoci\u00f3<\/strong> de l&#039;\u00c0rea de Bon Govern de la Diputaci\u00f3 d&#039;Alacant amb vistes a\u00e8ries espectaculars dels castells.<\/p>\n<p><strong><u>Les cinc rutes dels castells<\/u><\/strong><\/p>\n<p>La primera ruta se centra al territori del Baix Segura i fa refer\u00e8ncia als <strong>Castells de Tudmir<\/strong> que agrupa les grans fortificacions de la comarca, encap\u00e7alades pel <strong>Castell d&#039;Oriola<\/strong>. Els <strong>Castells de la Frontera Interior<\/strong> \u00e9s la segona proposta que abasta la Vall del Vinalop\u00f3, una de les grans fronteres que va dividir el nostre territori a l&#039;\u00e8poca medieval i que ens ha deixat un extraordinari llegat format per alguna de les fortificacions m\u00e9s espectaculars de la prov\u00edncia, com \u00e9s el cas de les fortificacions de <strong>Villena<\/strong>, <strong>Sax<\/strong> o <strong>Biar<\/strong>.<\/p>\n<p>A la tercera ruta ja a la zona de l&#039;Alacant\u00ed apareixen els <strong>Castells de la Clau del Regne<\/strong>, amb la ciutat d&#039;Alacant com a centre estrat\u00e8gic ja des del segle XIV i destinats no nom\u00e9s a defensar els enclavaments urbans, sin\u00f3 tamb\u00e9 les propietats de l&#039;horta.<\/p>\n<p>&nbsp;La quarta ruta correspon als <strong>Castells de la Muntanya<\/strong> amb construccions senzilles en enclavaments enriscats o torres de defensa, com <strong>Almudaina<\/strong> o la <strong>Torre de les Ma\u00e7anes<\/strong>. Finalment, &#039;Guardians de pedra&#039; mostra els <strong>Castells de la Frontera de la Por<\/strong>, itinerari que abasta les fortificacions de la costa nord de la prov\u00edncia, anomenada aix\u00ed pel seu <strong>especial orografia<\/strong> i <strong>assetjada pels corsaris<\/strong>, davant dels quals es va construir una aut\u00e8ntica muralla imperfecta, plena de torres, amenares i muralles urbanes.<\/p>\n<p>&nbsp;<\/p>\n<p>En aquest enlla\u00e7 podeu veure un \u201ctime lap\u201d del muntatge<\/p>\n<p><a data-saferedirecturl=\"https:\/\/www.google.com\/url?hl=es&amp;q=https:\/\/youtu.be\/cZJSKX3fJoU&amp;source=gmail&amp;ust=1473746649090000&amp;usg=AFQjCNHvWBCWFuYYR6pcE-rH_DGdQq6SeQ\" href=\"https:\/\/youtu.be\/cZJSKX3fJoU\" style=\"font-size: 16px; color: rgb(17, 85, 204); background-color: rgb(255, 255, 255);\" target=\"_blank\" rel=\"noopener\">https:\/\/youtu.be\/cZJSKX3fJoU<\/a><\/p>","protected":false},"excerpt":{"rendered":"<p>La Sala de Exposiciones municipal &ldquo;El Teatret&rdquo; de Xixona, acogi&oacute; el viernes 9 de septiembre<span class=\"excerpt-hellip\"> [\u2026]<\/span><\/p>\n","protected":false},"author":3,"featured_media":0,"comment_status":"open","ping_status":"open","sticky":false,"template":"","format":"standard","meta":{"kia_subtitle":"","footnotes":""},"categories":[],"tags":[],"class_list":["post-33820","post","type-post","status-publish","format-standard","hentry"],"meta_box":[],"_links":{"self":[{"href":"https:\/\/marqalicante-admin.qwair.com\/va\/wp-json\/wp\/v2\/posts\/33820","targetHints":{"allow":["GET"]}}],"collection":[{"href":"https:\/\/marqalicante-admin.qwair.com\/va\/wp-json\/wp\/v2\/posts"}],"about":[{"href":"https:\/\/marqalicante-admin.qwair.com\/va\/wp-json\/wp\/v2\/types\/post"}],"author":[{"embeddable":true,"href":"https:\/\/marqalicante-admin.qwair.com\/va\/wp-json\/wp\/v2\/users\/3"}],"replies":[{"embeddable":true,"href":"https:\/\/marqalicante-admin.qwair.com\/va\/wp-json\/wp\/v2\/comments?post=33820"}],"version-history":[{"count":0,"href":"https:\/\/marqalicante-admin.qwair.com\/va\/wp-json\/wp\/v2\/posts\/33820\/revisions"}],"wp:attachment":[{"href":"https:\/\/marqalicante-admin.qwair.com\/va\/wp-json\/wp\/v2\/media?parent=33820"}],"wp:term":[{"taxonomy":"category","embeddable":true,"href":"https:\/\/marqalicante-admin.qwair.com\/va\/wp-json\/wp\/v2\/categories?post=33820"},{"taxonomy":"post_tag","embeddable":true,"href":"https:\/\/marqalicante-admin.qwair.com\/va\/wp-json\/wp\/v2\/tags?post=33820"}],"curies":[{"name":"wp","href":"https:\/\/api.w.org\/{rel}","templated":true}]}}